{"id":931169,"date":"2026-04-08T21:16:23","date_gmt":"2026-04-08T21:16:23","guid":{"rendered":"https:\/\/www.europesays.com\/de\/931169\/"},"modified":"2026-04-08T21:16:23","modified_gmt":"2026-04-08T21:16:23","slug":"steigende-energiepreise-bei-heizoel-und-gas-tipps-fuer-verbraucher","status":"publish","type":"post","link":"https:\/\/www.europesays.com\/de\/931169\/","title":{"rendered":"Steigende Energiepreise bei Heiz\u00f6l und Gas: Tipps f\u00fcr Verbraucher"},"content":{"rendered":"<p class=\"text_ohne_einzug richtext text-em-55 !leading-serif mx-6 desktop:mx-0\">Der Krieg im <a href=\"https:\/\/rp-online.de\/thema\/iran\/\" rel=\"nofollow noopener\" target=\"_blank\">Iran<\/a> wirkt sich zunehmend auf die Energiepreise aus und belastet sowohl private Haushalte als auch Unternehmen. Darauf weisen die Verbraucherzentrale in <a href=\"https:\/\/rp-online.de\/thema\/duisburg\/\" rel=\"nofollow noopener\" target=\"_blank\">Duisburg<\/a> und die Niederrheinische Industrie- und Handelskammer (IHK) nun hin.<\/p>\n<p class=\"richtext text-em-55 !leading-serif mx-6 desktop:mx-0\">Nach Angaben der Verbraucherzentrale sind die Preise f\u00fcr \u00d6l und <a href=\"https:\/\/rp-online.de\/thema\/erdgas\/\" rel=\"nofollow noopener\" target=\"_blank\">Erdgas<\/a> an den internationalen M\u00e4rkten zuletzt zwar deutlich gestiegen. F\u00fcr die privaten Haushalte schl\u00e4gt sich das aber nicht sofort in den laufenden Vertr\u00e4gen nieder. H\u00f6here Kosten k\u00f6nnten vor allem erst dann sp\u00fcrbar werden, wenn bestehende Preisgarantien auslaufen oder neue Vertr\u00e4ge abgeschlossen werden.<\/p>\n<p class=\"richtext text-em-55 !leading-serif mx-6 desktop:mx-0\">Die Verbraucherzentrale r\u00e4t deshalb, Gasvertr\u00e4ge zu \u00fcberpr\u00fcfen. Wichtig seien insbesondere die Laufzeiten und Preisgarantien. Wer demn\u00e4chst mit steigenden Kosten rechnen m\u00fcsse, sollte Angebote vergleichen oder \u00fcber einen Anbieterwechsel nachdenken.<\/p>\n<p>100 Liter Heiz\u00f6l kosten bei einer Gro\u00dfbestellung rund 145 Euro      <\/p>\n<p class=\"richtext text-em-55 !leading-serif mx-6 desktop:mx-0\">Auch bei Heiz\u00f6l empfiehlt sie, die Marktentwicklung genau zu beobachten. Die Preise h\u00e4tten zuletzt ein Niveau erreicht, das zuletzt w\u00e4hrend der Energiekrise 2022 nach dem Beginn des russischen Angriffskrieges in der <a href=\"https:\/\/rp-online.de\/thema\/ukraine\/\" rel=\"nofollow noopener\" target=\"_blank\">Ukraine<\/a> beobachtet worden sei. Bei einer Bestellung von 3000 Litern kostet Heiz\u00f6l aktuell etwa 145 Euro pro 100 Liter.<\/p>\n<p class=\"richtext text-em-55 !leading-serif mx-6 desktop:mx-0\">Bei Fernw\u00e4rme rechnen Experten eher mit zeitlich verz\u00f6gerten Effekten. Viele Anbieter passten ihre Preise nur einmal j\u00e4hrlich an, sodass steigende Kosten oft erst sp\u00e4ter bei den Verbrauchern ankommen \u2013 etwa \u00fcber die Nebenkostenabrechnung. Langfristig k\u00f6nne es sinnvoll sein, unabh\u00e4ngiger von fossilen Energietr\u00e4gern zu werden, etwa durch alternative Heizsysteme oder bessere D\u00e4mmung von Geb\u00e4uden.<\/p>\n<p>IHK fordert Steuersenkungen      <\/p>\n<p class=\"richtext text-em-55 !leading-serif mx-6 desktop:mx-0\">Auch die Wirtschaft in der Region sp\u00fcrt die Entwicklung deutlich. Die Niederrheinische Industrie- und Handelskammer (IHK) berichtet von erheblichen Belastungen vor allem f\u00fcr die Transportbranche. Steigende Kraftstoffpreise setzten Logistikunternehmen, Taxi- und Busbetriebe unter Druck.<\/p>\n<p class=\"richtext text-em-55 !leading-serif mx-6 desktop:mx-0\">Die IHK fordert daher kurzfristige Entlastungen. Eine Senkung der Energiesteuern auf Benzin und <a href=\"https:\/\/rp-online.de\/thema\/diesel\/\" rel=\"nofollow noopener\" target=\"_blank\">Diesel<\/a> auf das europ\u00e4ische Mindestma\u00df k\u00f6nne die Preise sp\u00fcrbar reduzieren und Unternehmen helfen, so die IHK. Ohne Ma\u00dfnahmen drohten weitere wirtschaftliche Folgen auch f\u00fcr andere Branchen.<\/p>\n","protected":false},"excerpt":{"rendered":"Der Krieg im Iran wirkt sich zunehmend auf die Energiepreise aus und belastet sowohl private Haushalte als auch&hellip;\n","protected":false},"author":2,"featured_media":931170,"comment_status":"","ping_status":"","sticky":false,"template":"","format":"standard","meta":{"footnotes":"","_share_on_mastodon":"0"},"categories":[1838],"tags":[112982,3364,29,3715,14563,30,1148,5665,345,2985,137878,4046,27386,1209,3379,62257,625,7315],"class_list":["post-931169","post","type-post","status-publish","format-standard","has-post-thumbnail","category-duisburg","tag-angriffskrieges","tag-de","tag-deutschland","tag-duisburg","tag-energiepreise","tag-germany","tag-haushalte","tag-ihk","tag-iran","tag-kosten","tag-kraftstoffpreise","tag-krieg","tag-nebenkostenabrechnung","tag-nordrhein-westfalen","tag-preise","tag-private","tag-verbraucher","tag-verbraucherzentrale"],"share_on_mastodon":{"url":"https:\/\/pubeurope.com\/@de\/116371166874513576","error":""},"_links":{"self":[{"href":"https:\/\/www.europesays.com\/de\/wp-json\/wp\/v2\/posts\/931169","targetHints":{"allow":["GET"]}}],"collection":[{"href":"https:\/\/www.europesays.com\/de\/wp-json\/wp\/v2\/posts"}],"about":[{"href":"https:\/\/www.europesays.com\/de\/wp-json\/wp\/v2\/types\/post"}],"author":[{"embeddable":true,"href":"https:\/\/www.europesays.com\/de\/wp-json\/wp\/v2\/users\/2"}],"replies":[{"embeddable":true,"href":"https:\/\/www.europesays.com\/de\/wp-json\/wp\/v2\/comments?post=931169"}],"version-history":[{"count":0,"href":"https:\/\/www.europesays.com\/de\/wp-json\/wp\/v2\/posts\/931169\/revisions"}],"wp:featuredmedia":[{"embeddable":true,"href":"https:\/\/www.europesays.com\/de\/wp-json\/wp\/v2\/media\/931170"}],"wp:attachment":[{"href":"https:\/\/www.europesays.com\/de\/wp-json\/wp\/v2\/media?parent=931169"}],"wp:term":[{"taxonomy":"category","embeddable":true,"href":"https:\/\/www.europesays.com\/de\/wp-json\/wp\/v2\/categories?post=931169"},{"taxonomy":"post_tag","embeddable":true,"href":"https:\/\/www.europesays.com\/de\/wp-json\/wp\/v2\/tags?post=931169"}],"curies":[{"name":"wp","href":"https:\/\/api.w.org\/{rel}","templated":true}]}}