{"id":931328,"date":"2026-04-08T22:48:42","date_gmt":"2026-04-08T22:48:42","guid":{"rendered":"https:\/\/www.europesays.com\/de\/931328\/"},"modified":"2026-04-08T22:48:42","modified_gmt":"2026-04-08T22:48:42","slug":"randale-in-dresden-nach-fan-eskalation-hertha-stoppt-geplanten-einsatz-von-sondertrikot","status":"publish","type":"post","link":"https:\/\/www.europesays.com\/de\/931328\/","title":{"rendered":"Randale in Dresden: Nach Fan-Eskalation \u2013 Hertha stoppt geplanten Einsatz von Sondertrikot"},"content":{"rendered":"<p class=\"is-first-paragraph\" data-external=\"Article.FirstParagraph\">Das Skandalspiel von Dresden ist aus Hertha-Sicht noch nicht aufgearbeitet. Der Hauptstadtklub fordert eine Aussprache mit der aktiven Fanszene, die sich im Innenbereich des Rudolf-Harbig-Stadions mit gegnerischen Fans pr\u00fcgelte und diese mit Pyros beschoss und bewarf. Diverse Ermittlungsverfahren laufen. Hertha reagiert auf diese Vorkommnisse und stoppt den geplanten Einsatz eines Sondertrikots.<\/p>\n<p>Das Signal ist klar: Bevor die Geschehnisse dieser schlimmen Fu\u00dfballnacht aus Sachsen nicht aufgekl\u00e4rt sind, gibt es keine Extras f\u00fcr Berlins Fanszene, die mit gro\u00dfer Wahrscheinlichkeit an diesem Trikot involviert war. Das Sondertrikot sollte am Samstag im Heimspiel gegen Kaiserslautern erstmals gezeigt und getragen werden.<\/p>\n<p>Doch nun sagt Hertha die Ver\u00f6ffentlichung des Trikots ab. \u201eViele Menschen haben \u00fcber Wochen und Monate Energie, Zeit und Herzblut in die Entwicklung und Vorbereitung dieses Trikots gesteckt\u201c, <a class=\"is-link c-block-items__link is-external c-link--rich-text-renderer\" href=\"https:\/\/www.herthabsc.com\/de\/nachrichten\/2026\/04\/info-release-sondertrikot-2526\" target=\"_blank\" title=\"Link wird in einem neuen Tab ge\u00f6ffnet\" rel=\"nofollow noopener\" data-internal-tracking-enabled=\"true\" data-internal-tracking=\"{&quot;action&quot;:&quot;click&quot;,&quot;label&quot;:&quot;link&quot;,&quot;name&quot;:&quot;Inline Element&quot;,&quot;data&quot;:{&quot;source&quot;:&quot;&quot;,&quot;target&quot;:&quot;https:\/\/www.herthabsc.com\/de\/nachrichten\/2026\/04\/info-release-sondertrikot-2526&quot;,&quot;trackingName&quot;:&quot;&quot;,&quot;trackingLabel&quot;:&quot;&quot;}}\">schreibt der Klub auf seiner Homepage: <\/a>\u201eUmso schwerer f\u00e4llt uns die Entscheidung, den Release dieses Sondertrikots vorerst zu verschieben. Hintergrund sind die Ereignisse rund um unser Ausw\u00e4rtsspiel am vergangenen Samstag in Dresden. Die dortigen Vorf\u00e4lle und jede Form von Gewalt verurteilen wir aufs Sch\u00e4rfste. Sie stehen in klarem Widerspruch zu den Werten, f\u00fcr die Hertha BSC als Verein steht.\u201c<\/p>\n<p>\u201eDiese Werte lassen sich nicht glaubw\u00fcrdig vermitteln\u201c, schreibt Hertha<\/p>\n<p>Weiter hei\u00dft es, dass ein Sondertrikot \u201ef\u00fcr Gemeinschaft, Zusammenhalt und Identifikation \u2013 innerhalb des Vereins, zwischen Mannschaft und Fans sowie \u00fcber Generationen hinweg\u201c stehe. Hertha f\u00fcgt an: \u201eDiese Werte lassen sich nicht glaubw\u00fcrdig vermitteln, solange die Ereignisse noch aufgearbeitet werden m\u00fcssen.\u201c<\/p>\n<p>Durch Schl\u00e4gereien zwischen beiden Fanlagern und Ordnern wurden 24 Personen verletzt. 13 weitere Personen wurden durch Pfefferspray der Polizei verletzt. Unter den Dynamo-Zuschauern waren laut Polizei 350 gewaltbereite Fans (Kategorie B) und 80 gewaltsuchende Fans (Kategorie C). Bei Hertha waren es auch 350 in der Kategorie B und sogar 100 in der Kategorie C. Die Ermittlungsgruppe \u201eFahne\u201c (14 Beamte) wertet ab sofort mehr als 330 Gigabyte Videomaterial aus. Bis zur Aufkl\u00e4rung will Hertha nicht zur Tagesordnung \u00fcbergehen.<\/p>\n<p><b>Der Text wurde f\u00fcr das Sportkompetenzcenter (WELT\/BILD\/SPORT BILD) verfasst und erschien zuerst in \u201eBild\u201c.<\/b><\/p>\n","protected":false},"excerpt":{"rendered":"Das Skandalspiel von Dresden ist aus Hertha-Sicht noch nicht aufgearbeitet. Der Hauptstadtklub fordert eine Aussprache mit der aktiven&hellip;\n","protected":false},"author":2,"featured_media":931329,"comment_status":"","ping_status":"","sticky":false,"template":"","format":"standard","meta":{"footnotes":"","_share_on_mastodon":"0"},"categories":[1835],"tags":[3364,29,2386,347,30,3140,56065,859,11759,45,6667],"class_list":["post-931328","post","type-post","status-publish","format-standard","has-post-thumbnail","category-dresden","tag-de","tag-deutschland","tag-dresden","tag-fussball","tag-germany","tag-hertha-bsc-berlin","tag-hooligans","tag-sachsen","tag-sg-dynamo-dresden","tag-texttospeech","tag-zweite-liga"],"share_on_mastodon":{"url":"https:\/\/pubeurope.com\/@de\/116371528525404389","error":""},"_links":{"self":[{"href":"https:\/\/www.europesays.com\/de\/wp-json\/wp\/v2\/posts\/931328","targetHints":{"allow":["GET"]}}],"collection":[{"href":"https:\/\/www.europesays.com\/de\/wp-json\/wp\/v2\/posts"}],"about":[{"href":"https:\/\/www.europesays.com\/de\/wp-json\/wp\/v2\/types\/post"}],"author":[{"embeddable":true,"href":"https:\/\/www.europesays.com\/de\/wp-json\/wp\/v2\/users\/2"}],"replies":[{"embeddable":true,"href":"https:\/\/www.europesays.com\/de\/wp-json\/wp\/v2\/comments?post=931328"}],"version-history":[{"count":0,"href":"https:\/\/www.europesays.com\/de\/wp-json\/wp\/v2\/posts\/931328\/revisions"}],"wp:featuredmedia":[{"embeddable":true,"href":"https:\/\/www.europesays.com\/de\/wp-json\/wp\/v2\/media\/931329"}],"wp:attachment":[{"href":"https:\/\/www.europesays.com\/de\/wp-json\/wp\/v2\/media?parent=931328"}],"wp:term":[{"taxonomy":"category","embeddable":true,"href":"https:\/\/www.europesays.com\/de\/wp-json\/wp\/v2\/categories?post=931328"},{"taxonomy":"post_tag","embeddable":true,"href":"https:\/\/www.europesays.com\/de\/wp-json\/wp\/v2\/tags?post=931328"}],"curies":[{"name":"wp","href":"https:\/\/api.w.org\/{rel}","templated":true}]}}