{"id":931399,"date":"2026-04-08T23:27:14","date_gmt":"2026-04-08T23:27:14","guid":{"rendered":"https:\/\/www.europesays.com\/de\/931399\/"},"modified":"2026-04-08T23:27:14","modified_gmt":"2026-04-08T23:27:14","slug":"umfrage-neuer-negativ-rekord-fuer-die-spd-politik","status":"publish","type":"post","link":"https:\/\/www.europesays.com\/de\/931399\/","title":{"rendered":"Umfrage: Neuer Negativ-Rekord f\u00fcr die SPD | Politik"},"content":{"rendered":"<p><a class=\"skip-content skip-content--link\" href=\"#in-content-skip-link-target-v-0-0\">TTS-Player \u00fcberspringen\u21b5<\/a><a id=\"in-content-skip-link-target-v-0-0\" class=\"skip-content--target-link-hidden skip-content skip-content--target-link\" href=\"#in-content-skip-link-target-v-0-0\">Artikel weiterlesen<\/a><\/p>\n<p>Berlin \u2013 <b>Diese Zahl sollte die Alarmglocken bei den Sozialdemokraten schrillen lassen! In der aktuellen Potenzialanalyse des Instituts INSA kommt die SPD nur noch auf 8 Prozent sichere W\u00e4hler. Das hei\u00dft: Von den 13 Prozent, die laut Sonntagsfrage derzeit SPD w\u00e4hlen w\u00fcrden, sind nur rund zwei Drittel wirklich \u00fcberzeugt. Weniger sichere W\u00e4hler hatte die Partei noch nie. Zuletzt so wenige \u00fcberzeugte Stammw\u00e4hler hatte die Partei im August 2019. Damals steckte die SPD mitten in einer schweren Krise. Jetzt ist sie wieder dort angekommen.<\/b><\/p>\n<p>Im Vergleich zu den \u00fcbrigen Parteien f\u00e4llt die <a href=\"https:\/\/www.bild.de\/politik\/inland\/spd\/spd-alle-infos-76661710.bild.html\" class=\"text-link\" rel=\"nofollow noopener\" target=\"_blank\">SPD<\/a> deutlich zur\u00fcck. Die CDU\/CSU kommt auf 17 Prozent sichere W\u00e4hler, die AfD auf 21 Prozent. Damit verf\u00fcgen beide Parteien \u00fcber eine deutlich stabilere Stammw\u00e4hlerschaft. Die Gr\u00fcnen liegen mit ebenfalls 8 Prozent auf dem gleichen Niveau wie die SPD. Die Linke erreicht 7 Prozent, w\u00e4hrend BSW und FDP jeweils auf 2 Prozent sichere W\u00e4hler kommen.<\/p>\n<p>CDU\/CSU liegen in der Sonntagsfrage bei 25 Prozent, die AfD bei 26 Prozent. Die SPD ist mit 13 Prozent weit abgeschlagen. Hinter ihr folgen die Gr\u00fcnen mit 12 Prozent, dicht an der SPD dran, sowie die Linke mit 10,5 Prozent. Deutlich dahinter liegen das BSW mit 4 Prozent und die FDP mit 3,5 Prozent.<\/p>\n<p>SPD braucht wichtige Reformen <\/p>\n<p>Nach den Wahlschlappen in <a href=\"https:\/\/www.bild.de\/regional\/baden-wuerttemberg\/home-aK1F2gtJlD2xs4m3tWkn\" class=\"text-link\" rel=\"nofollow noopener\" target=\"_blank\">Baden-W\u00fcrttemberg<\/a> und Rheinland-Pfalz versucht die SPD in Berlin den Neustart. Vor allem Parteichef Lars Klingbeil treibt die Erneuerung voran \u2013 und macht klar: So wie bisher kann es nicht weitergehen. Andernfalls droht der Partei ein weiterer Absturz. Sein Plan: Gemeinsam mit CDU und CSU will Klingbeil wichtige Reformen ansto\u00dfen \u2013 darunter Steuerentlastungen f\u00fcr kleine und mittlere Einkommen sowie eine Reform des Gesundheitssystems.<\/p>\n<p>Mehr zum Thema<\/p>\n<p>Der j\u00fcngste Vorschlag: Die SPD will gesunde Lebensmittel mit einer Steuersenkung g\u00fcnstiger machen. Esra Limbacher (36), Chef des m\u00e4chtigen SPD-Wirtschaftsfl\u00fcgels \u201eSeeheimer Kreis\u201c, fordert in BILD die Komplettstreichung der <a href=\"https:\/\/www.bild.de\/politik\/inland\/mehrwertsteuer-bundesregierung-rechnet-erhoehung-durch-69c28e39d8eccf8272e7e871\" class=\"text-link\" rel=\"nofollow noopener\" target=\"_blank\">Mehrwertsteuer<\/a> f\u00fcr gesunde Lebensmittel. \u201eInflation ist Gift \u2013 f\u00fcr unsere Wirtschaft und f\u00fcr jeden B\u00fcrger. Wir brauchen eine Inflationsbremse f\u00fcr die normalen Leute in unserem Land\u201c, so Limbacher.<\/p>\n","protected":false},"excerpt":{"rendered":"TTS-Player \u00fcberspringen\u21b5Artikel weiterlesen Berlin \u2013 Diese Zahl sollte die Alarmglocken bei den Sozialdemokraten schrillen lassen! In der aktuellen&hellip;\n","protected":false},"author":2,"featured_media":931400,"comment_status":"","ping_status":"","sticky":false,"template":"","format":"standard","meta":{"footnotes":"","_share_on_mastodon":"0"},"categories":[2],"tags":[150,72389,31,774,29,1152,30,13,2388,94905,14,15,12,184,138370,45,10,8,9,11],"class_list":["post-931399","post","type-post","status-publish","format-standard","has-post-thumbnail","category-deutschland","tag-alternative-fuer-deutschland","tag-bas-baerbel","tag-cdu","tag-csu","tag-deutschland","tag-die-gruenen","tag-germany","tag-headlines","tag-klingbeil-lars","tag-landtagswahlen","tag-nachrichten","tag-news","tag-schlagzeilen","tag-spd","tag-team-first","tag-texttospeech","tag-top-news","tag-top-meldungen","tag-topmeldungen","tag-topnews"],"share_on_mastodon":{"url":"","error":""},"_links":{"self":[{"href":"https:\/\/www.europesays.com\/de\/wp-json\/wp\/v2\/posts\/931399","targetHints":{"allow":["GET"]}}],"collection":[{"href":"https:\/\/www.europesays.com\/de\/wp-json\/wp\/v2\/posts"}],"about":[{"href":"https:\/\/www.europesays.com\/de\/wp-json\/wp\/v2\/types\/post"}],"author":[{"embeddable":true,"href":"https:\/\/www.europesays.com\/de\/wp-json\/wp\/v2\/users\/2"}],"replies":[{"embeddable":true,"href":"https:\/\/www.europesays.com\/de\/wp-json\/wp\/v2\/comments?post=931399"}],"version-history":[{"count":0,"href":"https:\/\/www.europesays.com\/de\/wp-json\/wp\/v2\/posts\/931399\/revisions"}],"wp:featuredmedia":[{"embeddable":true,"href":"https:\/\/www.europesays.com\/de\/wp-json\/wp\/v2\/media\/931400"}],"wp:attachment":[{"href":"https:\/\/www.europesays.com\/de\/wp-json\/wp\/v2\/media?parent=931399"}],"wp:term":[{"taxonomy":"category","embeddable":true,"href":"https:\/\/www.europesays.com\/de\/wp-json\/wp\/v2\/categories?post=931399"},{"taxonomy":"post_tag","embeddable":true,"href":"https:\/\/www.europesays.com\/de\/wp-json\/wp\/v2\/tags?post=931399"}],"curies":[{"name":"wp","href":"https:\/\/api.w.org\/{rel}","templated":true}]}}