{"id":931573,"date":"2026-04-09T01:11:52","date_gmt":"2026-04-09T01:11:52","guid":{"rendered":"https:\/\/www.europesays.com\/de\/931573\/"},"modified":"2026-04-09T01:11:52","modified_gmt":"2026-04-09T01:11:52","slug":"burgermeister-filiale-eroeffnet-am-wuppertaler-doeppersberg","status":"publish","type":"post","link":"https:\/\/www.europesays.com\/de\/931573\/","title":{"rendered":"Burgermeister-Filiale er\u00f6ffnet am Wuppertaler D\u00f6ppersberg"},"content":{"rendered":"<p class=\"text_ohne_einzug richtext text-em-55 !leading-serif mx-6 desktop:mx-0\">Die Kette Burgermeister er\u00f6ffnet am Freitag, 10. April, eine Filiale in Wuppertal. Das teilte die Kette auf ihrer Homepage und in den Sozialen Medien mit. Die urspr\u00fcnglich aus Berlin stammende Kette hat mittlerweile zahlreiche Standorte bundesweit, unter anderem in D\u00fcsseldorf, Leipzig und Essen. Die Wuppertaler Filiale befindet sich am D\u00f6ppersberg 37. Die \u00d6ffnungszeiten werden noch bekannt gegeben.<\/p>\n","protected":false},"excerpt":{"rendered":"Die Kette Burgermeister er\u00f6ffnet am Freitag, 10. April, eine Filiale in Wuppertal. Das teilte die Kette auf ihrer&hellip;\n","protected":false},"author":2,"featured_media":931574,"comment_status":"","ping_status":"","sticky":false,"template":"","format":"standard","meta":{"footnotes":"","_share_on_mastodon":"0"},"categories":[1840],"tags":[8389,3364,29,26873,25440,30,18614,1209,4418],"class_list":["post-931573","post","type-post","status-publish","format-standard","has-post-thumbnail","category-wuppertal","tag-buergermeister","tag-de","tag-deutschland","tag-doeppersberg","tag-filiale","tag-germany","tag-kette","tag-nordrhein-westfalen","tag-wuppertal"],"share_on_mastodon":{"url":"https:\/\/pubeurope.com\/@de\/116372094732792106","error":""},"_links":{"self":[{"href":"https:\/\/www.europesays.com\/de\/wp-json\/wp\/v2\/posts\/931573","targetHints":{"allow":["GET"]}}],"collection":[{"href":"https:\/\/www.europesays.com\/de\/wp-json\/wp\/v2\/posts"}],"about":[{"href":"https:\/\/www.europesays.com\/de\/wp-json\/wp\/v2\/types\/post"}],"author":[{"embeddable":true,"href":"https:\/\/www.europesays.com\/de\/wp-json\/wp\/v2\/users\/2"}],"replies":[{"embeddable":true,"href":"https:\/\/www.europesays.com\/de\/wp-json\/wp\/v2\/comments?post=931573"}],"version-history":[{"count":0,"href":"https:\/\/www.europesays.com\/de\/wp-json\/wp\/v2\/posts\/931573\/revisions"}],"wp:featuredmedia":[{"embeddable":true,"href":"https:\/\/www.europesays.com\/de\/wp-json\/wp\/v2\/media\/931574"}],"wp:attachment":[{"href":"https:\/\/www.europesays.com\/de\/wp-json\/wp\/v2\/media?parent=931573"}],"wp:term":[{"taxonomy":"category","embeddable":true,"href":"https:\/\/www.europesays.com\/de\/wp-json\/wp\/v2\/categories?post=931573"},{"taxonomy":"post_tag","embeddable":true,"href":"https:\/\/www.europesays.com\/de\/wp-json\/wp\/v2\/tags?post=931573"}],"curies":[{"name":"wp","href":"https:\/\/api.w.org\/{rel}","templated":true}]}}