{"id":931665,"date":"2026-04-09T02:05:15","date_gmt":"2026-04-09T02:05:15","guid":{"rendered":"https:\/\/www.europesays.com\/de\/931665\/"},"modified":"2026-04-09T02:05:15","modified_gmt":"2026-04-09T02:05:15","slug":"bereue-es-keinen-anderen-weg-eingeschlagen-zu-haben","status":"publish","type":"post","link":"https:\/\/www.europesays.com\/de\/931665\/","title":{"rendered":"Bereue es, keinen anderen Weg eingeschlagen zu haben"},"content":{"rendered":"<p>                                                                        &#8222;Rosenheim-Cops&#8220;-Star Igor Jeftic: &#8222;Ich bereue es&#8220;<\/p>\n<p>Dass <a href=\"https:\/\/www.tvspielfilm.de\/news\/tv\/von-oben-herab-igor-jeftic-kontert-heiner-lauterbachs-rosenheim-cops-kritik,13302504,ApplicationArticle.html\" rel=\"nofollow noopener\" target=\"_blank\">Igor Jeftic, der gerade Heiner Lauterbachs &#8222;Rosenheim-Cops&#8220;-Kritik abwatschte<\/a>,\u00a0seine Berufswahl hinterfragt, liege nicht an fehlender Freude bei der Arbeit. Vielmehr treibt ihn eine grunds\u00e4tzliche Frage um, wie der &#8222;Rosenheim-Cops&#8220;-Star der AZ erkl\u00e4rt: &#8222;Ich zweifle manchmal schon sehr am Sinn der Schauspielerei.&#8220; Einen echten Mehrwert k\u00f6nne er in seinem Beruf nicht immer erkennen. &#8222;Abgesehen davon, dass es Spa\u00df macht: Wozu erz\u00e4hlen wir so viele Geschichten, wenn niemand daraus lernt? Nur zur Unterhaltung? Das erscheint mir manchmal einfach zu wenig.&#8220;<\/p>\n<p>Seiner Meinung nach sollten Filme und Serien dazu bewegen, das eigene Handeln zu hinterfragen. Doch genau das passiere zu selten \u2013 die eigentliche Botschaft komme beim Zuschauer oft nicht an.<\/p>\n<p>Diese Gedanken lassen <a href=\"https:\/\/www.tvspielfilm.de\/news\/stars\/blonder-zerzauster-look-so-sah-rosenheim-cops-star-igor-jefti-zum-start-seiner-karriere-aus,13290870,ApplicationArticle.html\" rel=\"nofollow noopener\" target=\"_blank\">&#8222;Rosenheim-Cop&#8220; Igor Jeftic, der fr\u00fcher ganz anders aussah<\/a>, an seiner Jobwahl zweifeln: &#8222;Ja, ich bereue es, keinen anderen Weg eingeschlagen zu haben, mit dem ich mehr Einfluss auf die Welt habe.&#8220; Der &#8222;Rosenheim-Cops&#8220;-Schauspieler will offensichtlich mehr bewirken \u2013 auch beruflich.<\/p>\n<p>&#8222;Rosenheim-Cops&#8220;-Dreh: Igor Jeftic muss sich \u00fcberwinden<\/p>\n<p>M\u00fcssen die Fans nun bangen, dass sich Jeftic neu orientiert und seiner &#8222;Rosenheim-Cops&#8220;-Rolle den R\u00fccken kehrt? Sie k\u00f6nnen aufatmen! Der Spa\u00df an der Arbeit h\u00e4lt ihn weiterhin in der Serie. Seit 2009 ist der &#8222;Sven Hansen&#8220;-Darsteller Teil des Casts und sch\u00e4tzt es sehr, f\u00fcr die &#8222;Rosenheim-Cops&#8220; ermitteln zu d\u00fcrfen. Doch Hauptrollen haben nicht nur Vorteile: &#8222;Ein Nachteil ist nat\u00fcrlich, dass man f\u00fcr andere Projekte nur bedingt zu haben ist, da sich die Drehzeiten \u00fcberschneiden \u2013 ist schon oft passiert.&#8220;<\/p>\n<p>Speziell die Arbeit bei den &#8222;Rosenheim-Cops&#8220; habe einen weiteren Haken. Die Dreharbeiten seien f\u00fcr den Schauspieler immer wieder eine \u00dcberwindung. Den Grund verr\u00e4t er der AZ: &#8222;Eine Grausamkeit ist das sehr fr\u00fche Aufstehen, tagt\u00e4glich, noch weit vor Sonnenaufgang.&#8220; Der &#8222;Sven Hansen&#8220;-Darsteller seufzt: &#8222;Daran werde ich mich nie gew\u00f6hnen.&#8220;<\/p>\n<p>Die ZDF-Serie hat prominente Fans \u2013 doch Igor Jeftic freut sich l\u00e4ngst nicht \u00fcber jeden Kommentar eines Promi-Zuschauers. Manche Aussagen klingen f\u00fcr ihn &#8222;erst mal etwas von oben herab&#8220;, sagte er.<\/p>\n<p>Seine\u00a0<a href=\"https:\/\/www.tvspielfilm.de\/news\/stars\/darf-nicht-zu-viel-reden-boese-erinnerungen-kochen-bei-rosenheim-cops-star-karin-thaler-hoch,13305771,ApplicationArticle.html\" rel=\"nofollow noopener\" target=\"_blank\">&#8222;Rosenheim-Cops&#8220;-Kollegin Karin Thaler sprach offen \u00fcber ihre Armut als junger Mensch<\/a> und verriet, dass sie teilweise keine &#8222;zehn Mark&#8220; bekommen hat.<\/p>\n","protected":false},"excerpt":{"rendered":"&#8222;Rosenheim-Cops&#8220;-Star Igor Jeftic: &#8222;Ich bereue es&#8220; Dass Igor Jeftic, der gerade Heiner Lauterbachs &#8222;Rosenheim-Cops&#8220;-Kritik abwatschte,\u00a0seine Berufswahl hinterfragt, liege&hellip;\n","protected":false},"author":2,"featured_media":931666,"comment_status":"","ping_status":"","sticky":false,"template":"","format":"standard","meta":{"footnotes":"","_share_on_mastodon":"0"},"categories":[1773],"tags":[29,214,30,104152,13794,1806,471,1780,215,1448],"class_list":["post-931665","post","type-post","status-publish","format-standard","has-post-thumbnail","category-serien","tag-deutschland","tag-entertainment","tag-germany","tag-igor-jeftic","tag-rosenheim-cops","tag-serie","tag-serien","tag-series","tag-unterhaltung","tag-zdf"],"share_on_mastodon":{"url":"https:\/\/pubeurope.com\/@de\/116372303181803731","error":""},"_links":{"self":[{"href":"https:\/\/www.europesays.com\/de\/wp-json\/wp\/v2\/posts\/931665","targetHints":{"allow":["GET"]}}],"collection":[{"href":"https:\/\/www.europesays.com\/de\/wp-json\/wp\/v2\/posts"}],"about":[{"href":"https:\/\/www.europesays.com\/de\/wp-json\/wp\/v2\/types\/post"}],"author":[{"embeddable":true,"href":"https:\/\/www.europesays.com\/de\/wp-json\/wp\/v2\/users\/2"}],"replies":[{"embeddable":true,"href":"https:\/\/www.europesays.com\/de\/wp-json\/wp\/v2\/comments?post=931665"}],"version-history":[{"count":0,"href":"https:\/\/www.europesays.com\/de\/wp-json\/wp\/v2\/posts\/931665\/revisions"}],"wp:featuredmedia":[{"embeddable":true,"href":"https:\/\/www.europesays.com\/de\/wp-json\/wp\/v2\/media\/931666"}],"wp:attachment":[{"href":"https:\/\/www.europesays.com\/de\/wp-json\/wp\/v2\/media?parent=931665"}],"wp:term":[{"taxonomy":"category","embeddable":true,"href":"https:\/\/www.europesays.com\/de\/wp-json\/wp\/v2\/categories?post=931665"},{"taxonomy":"post_tag","embeddable":true,"href":"https:\/\/www.europesays.com\/de\/wp-json\/wp\/v2\/tags?post=931665"}],"curies":[{"name":"wp","href":"https:\/\/api.w.org\/{rel}","templated":true}]}}