{"id":931674,"date":"2026-04-09T02:10:19","date_gmt":"2026-04-09T02:10:19","guid":{"rendered":"https:\/\/www.europesays.com\/de\/931674\/"},"modified":"2026-04-09T02:10:19","modified_gmt":"2026-04-09T02:10:19","slug":"markus-hinterhaeuser-kuenstler-kaempfen-fuer-entlassenen-salzburger-festspiel-chef-unterhaltung","status":"publish","type":"post","link":"https:\/\/www.europesays.com\/de\/931674\/","title":{"rendered":"Markus Hinterh\u00e4user: K\u00fcnstler k\u00e4mpfen f\u00fcr entlassenen Salzburger Festspiel-Chef | Unterhaltung"},"content":{"rendered":"<p><a class=\"skip-content skip-content--link\" href=\"#in-content-skip-link-target-v-0-0\">TTS-Player \u00fcberspringen\u21b5<\/a><a id=\"in-content-skip-link-target-v-0-0\" class=\"skip-content--target-link-hidden skip-content skip-content--target-link\" href=\"#in-content-skip-link-target-v-0-0\">Artikel weiterlesen<\/a><\/p>\n<p>Salzburg (\u00d6sterreich) \u2013 <b>Der Rauswurf von Festspiel-Intendant Markus Hinterh\u00e4user (68) sorgt weiter f\u00fcr Wirbel und wird nicht einfach hingenommen. Nachdem die Salzburger Festspiele ihn am 26. M\u00e4rz wegen \u201eAuffassungsunterschieden und Differenzen\u201c mit sofortiger Wirkung beurlaubt hatten, regt sich nun prominenter Widerstand. K\u00fcnstler schlagen Alarm und stellen sich \u00f6ffentlich hinter den umstrittenen Kulturchef.<\/b><\/p>\n<p>In einem Offenen Brief \u00fcben sie scharfe Kritik an der Entscheidung. Die K\u00fcnstler \u2013 viele von ihnen gestalten im Sommer selbst die Salzburger Festspiele mit \u2013 sprechen von einem \u201ebeispiellosen, entw\u00fcrdigenden und nicht nachvollziehbaren Vorgang\u201c.<\/p>\n<p><img decoding=\"async\" width=\"992\" height=\"750\" alt=\"Als Intendant bestimmte Markus Hinterh\u00e4user die k\u00fcnstlerische Ausrichtung der Salzburger Festspiele \u2013 von Programmen \u00fcber Stars bis zum Profil des Festivals\" src=\"https:\/\/www.europesays.com\/de\/wp-content\/uploads\/2026\/04\/246ed0e9aa92c0529119799b1745520a,b2be1644.jpeg\"   class=\"dynamic\" loading=\"lazy\"\/><\/p>\n<p class=\"fig__caption__text\">Als Intendant bestimmte Markus Hinterh\u00e4user die k\u00fcnstlerische Ausrichtung der Salzburger Festspiele \u2013 von Programmen \u00fcber Stars bis zum Profil des Festivals<\/p>\n<p>Foto: Barbara Gindl\/apa\/dpa<\/p>\n<p>Ihr Vorwurf: Hinterh\u00e4user sei \u00f6ffentlich verurteilt worden \u2013 ohne ein transparentes Verfahren. Zugleich betonen die Unterzeichner, sie h\u00e4tten \u00fcber Jahre eng mit ihm zusammengearbeitet, im \u201ekontinuierlichen Dialog\u201c f\u00fcr eines der wichtigsten Kulturfestivals Europas.<\/p>\n<p>Besonders brisant: Der Rauswurf kommt nur wenige Monate vor Beginn der Festspiele am 17. Juli. Viele der geplanten Produktionen wurden direkt von Hinterh\u00e4user entwickelt.<\/p>\n<p>Mehr zum ThemaWarum Hinterh\u00e4user beurlaubt wurde<\/p>\n<p>Zuvor hatte der \u201eSpiegel\u201c massive Anschuldigungen \u00f6ffentlich gemacht. Mitarbeiter werfen Hinterh\u00e4user demnach autorit\u00e4res Verhalten als F\u00fchrungsperson vor. Eine Ex-Angestellte sagt, seine Verbalattacken h\u00e4tten sich \u201egewaltt\u00e4tig angef\u00fchlt\u201c. Im Festspielhaus herrsche \u201eAngst\u201c. Sie sagt, es gebe \u201enur einen T\u00e4ter und sehr viele Opfer\u201c, warnte zudem vor einer \u201eT\u00e4ter-Opfer-Umkehr\u201c.<\/p>\n<p>Marina Davydova (59), die im November 2024 als Schauspielchefin entlassen wurde, sagt im \u201eSpiegel\u201c \u00fcber Hinterh\u00e4user: \u201eMit Frauen tut er sich besonders schwer\u201c. Bei einem Streit habe er geschrien: \u201eWas grinst du mich so ver\u00e4chtlich an?\u201c und \u201eDu respektierst mich nicht!\u201c<\/p>\n<p><img decoding=\"async\" width=\"992\" height=\"661\" alt=\"Durch sein Amt war Hinterh\u00e4user (l.) immer nah dran an Promis und Politikern. Hier posiert er im August 2018 vor der Premiere von \u201ePique Dame\u201c in Salzburg mit der damaligen Bundeskanzlerin Angela Merkel (2. v. r.), ihrem Ehemann Joachim Sauer (2. v. l.), der damaligen Pr\u00e4sidentin der Salzburger Festspiele, Helga Rabl Stadler und dem kaufm\u00e4nnischen Direktor der Spiele, Lukas Crepaz\" src=\"https:\/\/www.europesays.com\/de\/wp-content\/uploads\/2026\/04\/bcfc96039cdf6eee733b4b34d4f3f035,ec942263.jpeg\"   class=\"dynamic\" loading=\"lazy\"\/><\/p>\n<p class=\"fig__caption__text\">Durch sein Amt war Hinterh\u00e4user (l.) immer nah dran an Promis und Politikern. Hier posiert er im August 2018 vor der Premiere von \u201ePique Dame\u201c in Salzburg mit der damaligen Bundeskanzlerin Angela Merkel (2. v. r., damals 64, heute 71), ihrem Ehemann Joachim Sauer (2. v. l., damals 69, heute 76), der damaligen Pr\u00e4sidentin der Salzburger Festspiele, Helga Rabl Stadler und dem kaufm\u00e4nnischen Direktor der Spiele, Lukas Crepaz<\/p>\n<p>Foto: dpa<\/p>\n<p>K\u00fcnstler k\u00f6nnen die Entscheidung nicht nachvollziehen <\/p>\n<p>Im Offenen Brief bem\u00fchen sich die K\u00fcnstler um Differenzierung: Sie betonen ausdr\u00fccklich, keinen Anspruch darauf zu erheben, die Erfahrungen anderer zu kennen oder zu bewerten. Gleichzeitig machen sie aber deutlich, wie wenig sie die Entscheidung nachvollziehen k\u00f6nnen. Aus ihrer Sicht sei nicht erkennbar, was einen derart drastischen Schritt des Kuratoriums rechtfertigen k\u00f6nnte.<\/p>\n<p>Die Kritik geht noch weiter: Ein Vorgehen dieser H\u00e4rte schade nicht nur der Institution selbst, sondern auch den Menschen, die mit ihr verbunden sind, und der gemeinsamen k\u00fcnstlerischen Arbeit. Am Ende, so der Tenor des Briefes, werde damit sogar der freie Geist besch\u00e4digt, in dem die Salzburger Festspiele vor \u00fcber 100 Jahren gegr\u00fcndet wurden.<\/p>\n","protected":false},"excerpt":{"rendered":"TTS-Player \u00fcberspringen\u21b5Artikel weiterlesen Salzburg (\u00d6sterreich) \u2013 Der Rauswurf von Festspiel-Intendant Markus Hinterh\u00e4user (68) sorgt weiter f\u00fcr Wirbel und&hellip;\n","protected":false},"author":2,"featured_media":931675,"comment_status":"","ping_status":"","sticky":false,"template":"","format":"standard","meta":{"footnotes":"","_share_on_mastodon":"0"},"categories":[155],"tags":[29,214,30,8755,80,1026,1433,15043,138370,45,215],"class_list":["post-931674","post","type-post","status-publish","format-standard","has-post-thumbnail","category-unterhaltung","tag-deutschland","tag-entertainment","tag-germany","tag-intendant","tag-kultur","tag-kuendigung","tag-oesterreich","tag-salzburg","tag-team-first","tag-texttospeech","tag-unterhaltung"],"share_on_mastodon":{"url":"https:\/\/pubeurope.com\/@de\/116372323142233119","error":""},"_links":{"self":[{"href":"https:\/\/www.europesays.com\/de\/wp-json\/wp\/v2\/posts\/931674","targetHints":{"allow":["GET"]}}],"collection":[{"href":"https:\/\/www.europesays.com\/de\/wp-json\/wp\/v2\/posts"}],"about":[{"href":"https:\/\/www.europesays.com\/de\/wp-json\/wp\/v2\/types\/post"}],"author":[{"embeddable":true,"href":"https:\/\/www.europesays.com\/de\/wp-json\/wp\/v2\/users\/2"}],"replies":[{"embeddable":true,"href":"https:\/\/www.europesays.com\/de\/wp-json\/wp\/v2\/comments?post=931674"}],"version-history":[{"count":0,"href":"https:\/\/www.europesays.com\/de\/wp-json\/wp\/v2\/posts\/931674\/revisions"}],"wp:featuredmedia":[{"embeddable":true,"href":"https:\/\/www.europesays.com\/de\/wp-json\/wp\/v2\/media\/931675"}],"wp:attachment":[{"href":"https:\/\/www.europesays.com\/de\/wp-json\/wp\/v2\/media?parent=931674"}],"wp:term":[{"taxonomy":"category","embeddable":true,"href":"https:\/\/www.europesays.com\/de\/wp-json\/wp\/v2\/categories?post=931674"},{"taxonomy":"post_tag","embeddable":true,"href":"https:\/\/www.europesays.com\/de\/wp-json\/wp\/v2\/tags?post=931674"}],"curies":[{"name":"wp","href":"https:\/\/api.w.org\/{rel}","templated":true}]}}