{"id":931752,"date":"2026-04-09T03:03:52","date_gmt":"2026-04-09T03:03:52","guid":{"rendered":"https:\/\/www.europesays.com\/de\/931752\/"},"modified":"2026-04-09T03:03:52","modified_gmt":"2026-04-09T03:03:52","slug":"harte-forderung-der-bundespolizei-skandalspiel-in-dresden-droht-allen-fans-der-ausschluss","status":"publish","type":"post","link":"https:\/\/www.europesays.com\/de\/931752\/","title":{"rendered":"Harte Forderung der Bundespolizei: Skandalspiel in Dresden &#8211; droht allen Fans der Ausschluss?"},"content":{"rendered":"<p>Harte Forderung der BundespolizeiSkandalspiel in Dresden &#8211; droht allen Fans der Ausschluss?08.04.2026, 10:50 Uhr<\/p>\n<p class=\"Typography_text-m__XI0da Typography_weight-normal__pqUbH\">Die skandal\u00f6sen Ausschreitungen im Stadion von Dynamo Dresden am vergangenen Zweitliga-Spieltag haben Folgen. Der Verein selbst k\u00fcndigt bereits an, seinen Heimbereich umbauen zu wollen. W\u00e4hrend die Dresdner Fans die Schuld auch bei den G\u00e4sten aus Berlin suchen, kommt von der Polizei bereits eine drastischere Forderung.<\/p>\n","protected":false},"excerpt":{"rendered":"Harte Forderung der BundespolizeiSkandalspiel in Dresden &#8211; droht allen Fans der Ausschluss?08.04.2026, 10:50 Uhr Die skandal\u00f6sen Ausschreitungen im&hellip;\n","protected":false},"author":2,"featured_media":931753,"comment_status":"","ping_status":"","sticky":false,"template":"","format":"standard","meta":{"footnotes":"","_share_on_mastodon":"0"},"categories":[1835],"tags":[8559,1716,1001,421,3364,29,2386,3766,30,1000,1088,4236,3442,859],"class_list":["post-931752","post","type-post","status-publish","format-standard","has-post-thumbnail","category-dresden","tag-2-fussball-bundesliga","tag-affaeren-und-skandale","tag-ausschreitungen","tag-bundespolizei","tag-de","tag-deutschland","tag-dresden","tag-dynamo-dresden","tag-germany","tag-gewalt","tag-hertha-bsc","tag-krawalle","tag-randale","tag-sachsen"],"share_on_mastodon":{"url":"https:\/\/pubeurope.com\/@de\/116372535041341549","error":""},"_links":{"self":[{"href":"https:\/\/www.europesays.com\/de\/wp-json\/wp\/v2\/posts\/931752","targetHints":{"allow":["GET"]}}],"collection":[{"href":"https:\/\/www.europesays.com\/de\/wp-json\/wp\/v2\/posts"}],"about":[{"href":"https:\/\/www.europesays.com\/de\/wp-json\/wp\/v2\/types\/post"}],"author":[{"embeddable":true,"href":"https:\/\/www.europesays.com\/de\/wp-json\/wp\/v2\/users\/2"}],"replies":[{"embeddable":true,"href":"https:\/\/www.europesays.com\/de\/wp-json\/wp\/v2\/comments?post=931752"}],"version-history":[{"count":0,"href":"https:\/\/www.europesays.com\/de\/wp-json\/wp\/v2\/posts\/931752\/revisions"}],"wp:featuredmedia":[{"embeddable":true,"href":"https:\/\/www.europesays.com\/de\/wp-json\/wp\/v2\/media\/931753"}],"wp:attachment":[{"href":"https:\/\/www.europesays.com\/de\/wp-json\/wp\/v2\/media?parent=931752"}],"wp:term":[{"taxonomy":"category","embeddable":true,"href":"https:\/\/www.europesays.com\/de\/wp-json\/wp\/v2\/categories?post=931752"},{"taxonomy":"post_tag","embeddable":true,"href":"https:\/\/www.europesays.com\/de\/wp-json\/wp\/v2\/tags?post=931752"}],"curies":[{"name":"wp","href":"https:\/\/api.w.org\/{rel}","templated":true}]}}