{"id":931869,"date":"2026-04-09T04:10:31","date_gmt":"2026-04-09T04:10:31","guid":{"rendered":"https:\/\/www.europesays.com\/de\/931869\/"},"modified":"2026-04-09T04:10:31","modified_gmt":"2026-04-09T04:10:31","slug":"grossbritannien-wird-dank-ersatz-feiertagen-am-jahresende-eine-3-tage-woche-haben-hier-erfaehrst-du-wann-und-warum","status":"publish","type":"post","link":"https:\/\/www.europesays.com\/de\/931869\/","title":{"rendered":"Gro\u00dfbritannien wird dank \u201eErsatz\u201c-Feiertagen am Jahresende eine 3-Tage-Woche haben \u2013 hier erf\u00e4hrst du, wann und warum"},"content":{"rendered":"<p>\t\t\t\t\t\t\t<img decoding=\"async\" fetchpriority=\"high\" src=\"https:\/\/www.europesays.com\/de\/wp-content\/uploads\/2026\/04\/shutterstock_2436143177-1-1024x683.jpg\" class=\"wp-block-post-featured-image\" alt=\"Langzeitbelichtung der Londoner City mit Stra\u00dfenverkehr, darunter ein rot verschwommener Bus, der vorbeif\u00e4hrt, und die modernen B\u00fcrohochh\u00e4user im Hintergrund\" width=\"1024\" height=\"683\"\/><\/p>\n<p>\t\t\t\t\t\t\t\t\tBildnachweis: Sven Hansche, via Shutterstock\n\t\t\t\t\t\t\t\t<\/p>\n<p>\t\t\t<a data-force-follow=\"\" href=\"https:\/\/secretldn.com\/de\/author\/sam-barker\/\" rel=\"follow nofollow noopener\" target=\"_blank\"><img loading=\"lazy\" decoding=\"async\" alt=\"\" src=\"data:image\/svg+xml,%3Csvg%20xmlns=\" http:=\"\" data-lazy- class=\"avatar avatar-40 photo\" height=\"40\" width=\"40\" data-lazy-src=\"https:\/\/www.europesays.com\/de\/wp-content\/uploads\/2026\/04\/profile-pic-150x150.jpeg\"\/><\/a><\/p>\n<p>\n\t\t\t\t\u00a0\u2013\u00a0<br \/>\n\t\t\t\tRedakteurin\n\t\t\t<\/p>\n<p>\t\t\t\u00a0\u00b7\u00a0<br \/>\n\t\t\t8 April, 2026<\/p>\n<p>Klar, wir haben vielleicht gerade erst ein viert\u00e4giges Wochenende hinter uns, aber dank des herrlichen Wetters, das wir gerade genie\u00dfen, haben wir nur eines im Kopf: wann wir unseren n\u00e4chsten Urlaub nehmen. Und wie immer <a href=\"https:\/\/secretldn.com\/de\/feiertage-jahresurlaub-doppelter-urlaub\/\" rel=\"follow nofollow noopener\" target=\"_self\" class=\"shortcode-outbound-link\" data-has-ga=\"true\" data-ga-type=\"click\" data-label=\"https:\/\/secretldn.com\/de\/feiertage-jahresurlaub-doppelter-urlaub\/\" data-action=\"text_cta_0\" data-category=\"click_internal\">planen<\/a> wir sorgf\u00e4ltig <a href=\"https:\/\/secretldn.com\/de\/feiertage-jahresurlaub-doppelter-urlaub\/\" rel=\"follow nofollow noopener\" target=\"_self\" class=\"shortcode-outbound-link\" data-has-ga=\"true\" data-ga-type=\"click\" data-label=\"https:\/\/secretldn.com\/de\/feiertage-jahresurlaub-doppelter-urlaub\/\" data-action=\"text_cta_1\" data-category=\"click_internal\">um die Feiertage herum, um unsere freie Zeit zu maximieren<\/a> und dabei so wenig Urlaubstage wie m\u00f6glich zu nehmen. Zu unserem Gl\u00fcck beschert uns eine Kombination aus Feiertagen und \u201eErsatzfeiertagen\u201c <strong>Ende 2026<\/strong> eine <strong>Arbeitswoche von<\/strong> nur <strong>3 Tagen<\/strong>. <\/p>\n<p>Wir haben schon auf das n\u00e4chste Jahr vorausgeschaut, unseren Urlaub f\u00fcr 2027 geplant und waren angenehm \u00fcberrascht, als wir feststellten, dass <a href=\"https:\/\/secretldn.com\/de\/2027-feiertage-grosbritannien-dreitageswoche\/\" rel=\"follow nofollow noopener\" target=\"_self\" class=\"shortcode-outbound-link\" data-has-ga=\"true\" data-ga-type=\"click\" data-label=\"https:\/\/secretldn.com\/de\/2027-feiertage-grosbritannien-dreitageswoche\/\" data-action=\"text_cta_2\" data-category=\"click_internal\">wir 2027<\/a> dank \u201eErsatz\u201c-Feiertagen <a href=\"https:\/\/secretldn.com\/de\/2027-feiertage-grosbritannien-dreitageswoche\/\" rel=\"follow nofollow noopener\" target=\"_self\" class=\"shortcode-outbound-link\" data-has-ga=\"true\" data-ga-type=\"click\" data-label=\"https:\/\/secretldn.com\/de\/2027-feiertage-grosbritannien-dreitageswoche\/\" data-action=\"text_cta_3\" data-category=\"click_internal\">eine 3-Tage-Woche bekommen<\/a>. Aber <strong>wir m\u00fcssen nicht einmal bis 2027 warten, denn etwas \u00c4hnliches passiert schon Ende dieses Jahres! <\/strong><\/p>\n<p>Was ist ein \u201eErsatzfeiertag\u201c?<\/p>\n<p><strong>Ein \u201eErsatzfeiertag\u201c ist, wenn ein Feiertag auf ein Wochenende f\u00e4llt und stattdessen auf einen Wochentag verlegt wird, also ein \u201eErsatzfeiertag<\/strong>\u201c. Das geschieht normalerweise am folgenden Montag.<\/p>\n<p>Die Regierung erkl\u00e4rt <a href=\"https:\/\/www.gov.uk\/bank-holidays\" rel=\"nofollow noopener\" target=\"_blank\" class=\"shortcode-outbound-link\" data-has-ga=\"true\" data-ga-type=\"click\" data-label=\"https:\/\/www.gov.uk\/bank-holidays\" data-action=\"text_cta_4\" data-category=\"click_non_sales\">auf ihrer Website<\/a>: \u201eF\u00e4llt ein Feiertag auf ein Wochenende, wird ein \u201aErsatz\u2018-Wochentag zum Feiertag, normalerweise der folgende Montag.<\/p>\n<p>\u201eDein Arbeitgeber muss dir an Feiertagen oder gesetzlichen Feiertagen keinen bezahlten Urlaub gew\u00e4hren.<\/p>\n<p>\u201eFeiertage k\u00f6nnen sich darauf auswirken, wie und wann deine Leistungen ausgezahlt werden.\u201d<\/p>\n<p><img fetchpriority=\"high\" decoding=\"async\" width=\"1024\" height=\"683\" src=\"data:image\/svg+xml,%3Csvg%20xmlns=\" http:=\"\" alt=\"Ein Flugzeug, das bei Sonnenuntergang durch den Himmel fliegt\" class=\"wp-image-356193\" data-lazy- data-lazy- data-lazy-src=\"https:\/\/www.europesays.com\/de\/wp-content\/uploads\/2026\/04\/shutterstock_579068134-1024x683.jpg\"\/>Bildnachweis: Bogdan Khmelnytskyi, Shutterstock<\/p>\n<p>3-Tage-Woche im Jahr 2026 <\/p>\n<p>In diesem Dezember f\u00e4llt der erste Weihnachtsfeiertag auf einen Freitag. Das bedeutet, dass unser \u00fcblicher Feiertag am zweiten Weihnachtsfeiertag auf einen Samstag f\u00e4llt. Aber dank der Magie der \u201eErsatzfeiertage\u201c<strong> wird<\/strong> der<strong> Feiertag am zweiten Weihnachtsfeiertag auf den 28. Dezember<\/strong>, den Montag der darauffolgenden Woche,<strong> verschoben<\/strong>. <\/p>\n<p>Doch dann kommt der Feiertag am Neujahrstag, nur wenige Tage sp\u00e4ter, am Freitag, dem 1. Januar. Da sowohl der Montag als auch der Freitag dieser Woche Feiertage sind, bedeutet das, dass<strong> die allerletzte Woche des Jahres 2026 eine 3-Tage-Arbeitswoche sein wird. <\/strong><\/p>\n<p>Als ob das noch nicht genug w\u00e4re: Die Kombination aus zwei langen Wochenenden und einer kurzen Arbeitswoche bedeutet, dass du dir mit minimalem Urlaubsaufwand einen langen Urlaub erschleichen kannst. <strong>Nimm dir den 29. bis 31. Dezember frei, und du bekommst satte 10 Tage frei!<\/strong><\/p>\n<p>Feiertage 2026 in England und Wales<\/p>\n<p><strong>Der n\u00e4chste Feiertag in England und Wales findet am 4. Mai statt<\/strong>. Das ist der Feiertag Anfang Mai. Die \u00fcbrigen Feiertage 2026 in England und Wales finden an folgenden Terminen statt:<\/p>\n<p><strong>4. Mai<\/strong> \u2013 Feiertag Anfang Mai<\/p>\n<p><strong>25. Mai \u2013 <\/strong> Fr\u00fchlingsfeiertag<\/p>\n<p><strong>31. August \u2013 <\/strong> Sommerfeiertag<\/p>\n<p><strong>25. Dezember \u2013 <\/strong> Weihnachten<\/p>\n<p><strong>28. Dezember \u2013 <\/strong> Boxing Day (Ersatztag)<\/p>\n<p><img loading=\"lazy\" decoding=\"async\" width=\"1024\" height=\"683\" src=\"data:image\/svg+xml,%3Csvg%20xmlns=\" http:=\"\" alt=\"Leute, die in einem Biergarten in der Sonne sitzen und einen sonnigen Tag genie\u00dfen\" class=\"wp-image-178992\" data-lazy- data-lazy- data-lazy-src=\"https:\/\/www.europesays.com\/de\/wp-content\/uploads\/2026\/04\/shutterstock_1426486628-1-1024x683.jpg\"\/>Bildnachweis: Shutterstock \u2013 Foto von Paolo Paradiso<\/p>\n<p>Feiertage 2027 in England und Wales<\/p>\n<p><strong>1. Januar<\/strong>\u2013 Neujahr<\/p>\n<p><strong>26. M\u00e4rz<\/strong>\u2013 Karfreitag<\/p>\n<p><strong>29. M\u00e4rz<\/strong>\u2013 Ostermontag<\/p>\n<p><strong>3. Mai<\/strong>\u2013 Feiertag Anfang Mai<\/p>\n<p><strong>31. Mai \u2013<\/strong> Fr\u00fchlingsfeiertag<\/p>\n<p><strong>30. August<\/strong>\u2013 Sommerfeiertag<\/p>\n<p><strong>27. Dezember<\/strong>\u2013 Weihnachten (Ersatztag)<\/p>\n<p><strong>28. Dezember \u2013<\/strong> Boxing Day (Ersatztag)<\/p>\n","protected":false},"excerpt":{"rendered":"Bildnachweis: Sven Hansche, via Shutterstock \u00a0\u2013\u00a0 Redakteurin \u00a0\u00b7\u00a0 8 April, 2026 Klar, wir haben vielleicht gerade erst ein&hellip;\n","protected":false},"author":2,"featured_media":931870,"comment_status":"","ping_status":"","sticky":false,"template":"","format":"standard","meta":{"footnotes":"","_share_on_mastodon":"0"},"categories":[3976],"tags":[331,332,203567,203568,203569,13,29136,14,15,12,3992,3993,3994,3995,3996,3997,4951],"class_list":["post-931869","post","type-post","status-publish","format-standard","has-post-thumbnail","category-vereinigtes-koenigreich","tag-aktuelle-nachrichten","tag-aktuelle-news","tag-bank-holiday","tag-bank-holiday-weekend","tag-bank-holiday-weekends","tag-headlines","tag-holiday","tag-nachrichten","tag-news","tag-schlagzeilen","tag-uk","tag-united-kingdom","tag-united-kingdom-of-great-britain-and-northern-ireland","tag-vereinigtes-koenigreich","tag-vereinigtes-koenigreich-grossbritannien-und-nordirland","tag-vereinigtes-koenigreich-von-grossbritannien-und-nordirland","tag-winter"],"share_on_mastodon":{"url":"https:\/\/pubeurope.com\/@de\/116372794789924790","error":""},"_links":{"self":[{"href":"https:\/\/www.europesays.com\/de\/wp-json\/wp\/v2\/posts\/931869","targetHints":{"allow":["GET"]}}],"collection":[{"href":"https:\/\/www.europesays.com\/de\/wp-json\/wp\/v2\/posts"}],"about":[{"href":"https:\/\/www.europesays.com\/de\/wp-json\/wp\/v2\/types\/post"}],"author":[{"embeddable":true,"href":"https:\/\/www.europesays.com\/de\/wp-json\/wp\/v2\/users\/2"}],"replies":[{"embeddable":true,"href":"https:\/\/www.europesays.com\/de\/wp-json\/wp\/v2\/comments?post=931869"}],"version-history":[{"count":0,"href":"https:\/\/www.europesays.com\/de\/wp-json\/wp\/v2\/posts\/931869\/revisions"}],"wp:featuredmedia":[{"embeddable":true,"href":"https:\/\/www.europesays.com\/de\/wp-json\/wp\/v2\/media\/931870"}],"wp:attachment":[{"href":"https:\/\/www.europesays.com\/de\/wp-json\/wp\/v2\/media?parent=931869"}],"wp:term":[{"taxonomy":"category","embeddable":true,"href":"https:\/\/www.europesays.com\/de\/wp-json\/wp\/v2\/categories?post=931869"},{"taxonomy":"post_tag","embeddable":true,"href":"https:\/\/www.europesays.com\/de\/wp-json\/wp\/v2\/tags?post=931869"}],"curies":[{"name":"wp","href":"https:\/\/api.w.org\/{rel}","templated":true}]}}