{"id":931937,"date":"2026-04-09T04:48:15","date_gmt":"2026-04-09T04:48:15","guid":{"rendered":"https:\/\/www.europesays.com\/de\/931937\/"},"modified":"2026-04-09T04:48:15","modified_gmt":"2026-04-09T04:48:15","slug":"wetter-mit-frost-und-nebel","status":"publish","type":"post","link":"https:\/\/www.europesays.com\/de\/931937\/","title":{"rendered":"Wetter mit Frost und Nebel"},"content":{"rendered":"<p>Bald wird es w\u00e4rmer <\/p>\n<p>Frost und Nebel zum Start \u2013 Sonne am Wochenende<\/p>\n<p>09.04.2026 &#8211; 06:45 UhrLesedauer: 2 Min.<\/p>\n<p><a href=\"#focus-0\" class=\"transition-colors duration-200 block text-current relative\" data-sctrack=\"FocusGalleryImage.Reference\"><img fetchpriority=\"high\" data-testid=\"Opener.Image\" style=\"--lqipURL:url('https:\/\/images.t-online.de\/2025\/06\/p5d8V5yhwI24\/0x209:4000x2250\/fit-in\/150x0\/filters:blur(25)\/sonne-ueber-berlin.jpg')\"   loading=\"eager\" src=\"https:\/\/www.europesays.com\/de\/wp-content\/uploads\/2026\/04\/sonne-ueber-berlin.jpg\" alt=\"Sonne \u00fcber Berlin\" title=\"Sonne \u00fcber Berlin\" width=\"4000\" height=\"2250\" class=\"bg-[url:var(--lqipURL)] bg-cover bg-center flex h-full w-full max-w-full\" decoding=\"async\"\/><img style=\"--width:32;--height:32\" loading=\"lazy\" src=\"https:\/\/berlin.t-online.de\/s\/paper\/_next\/static\/media\/zoom-in.f7dae02f.svg\" alt=\"Vergr\u00f6\u00dfern des Bildes\" title=\"Vergr\u00f6\u00dfern des Bildes\" class=\"block h-[calc(var(--height)_\/_16_*_1rem)] w-[calc(var(--width)_\/_16_*_1rem)] max-w-none absolute bottom-8 right-8 rounded-4 bg-snow p-8\" decoding=\"async\"\/><\/a><\/p>\n<p>Sonne \u00fcber Berlin (Archivbild): DIe Sonne ist am Wochenende zu Gast in der Hauptstadtregion. (Quelle: Florian Gaertner)<\/p>\n<p class=\"font-bold text-18 leading-17 user-text-lg:text-22 user-text-xl:text-24\">Nebel, Frost und bald Schneeregen: Das Wetter in Berlin zeigt sich von seiner ungem\u00fctlichen Seite. Am Wochenende zeigt sich aber die Sonne.<\/p>\n<p class=\"text-18 leading-17 user-text-lg:text-22 user-text-xl:text-24\">Der Donnerstag in Berlin und Brandenburg beginnt ungem\u00fctlich: Der Deutsche Wetterdienst (DWD) warnt vor leichtem Frost mit Temperaturen bis zu minus 4 Grad in den Morgenstunden. Im Nordosten Brandenburgs kommt es zudem gebietsweise zu Nebel \u2013 stellenweise mit Sichtweiten unter 150 Metern.<\/p>\n<p class=\"text-18 leading-17 user-text-lg:text-22 user-text-xl:text-24\">Im Tagesverlauf bessert sich die Lage jedoch deutlich. Die Sonne setzt sich durch, es bleibt trocken, und die Temperaturen klettern auf H\u00f6chstwerte zwischen 10 und 14 Grad. Wetterbestimmend ist laut DWD zun\u00e4chst eine trockene und k\u00fchle Luftmasse unter Hochdruckeinfluss.<\/p>\n<p class=\"text-18 leading-17 user-text-lg:text-22 user-text-xl:text-24\">Doch die Ruhe h\u00e4lt nicht lange an. In der Nacht zum Freitag zieht ein Tiefausl\u00e4ufer \u00fcber die Region. Vor allem in Westbrandenburg kommt es zu schauerartigem Regen, der bei Temperaturen bis zu minus 4 Grad gebietsweise in Schneeregen oder Schnee \u00fcbergehen kann. Auch Frost in Bodenn\u00e4he ist erneut m\u00f6glich.<\/p>\n<p>Empfohlener externer InhaltYoutube<\/p>\n<p class=\"text-14 leading-15\">Wir ben\u00f6tigen Ihre Einwilligung, um den von unserer Redaktion eingebundenen Youtube-Inhalt anzuzeigen. Sie k\u00f6nnen diesen (und damit auch alle weiteren Youtube-Inhalte auf t-online.de) mit einem Klick anzeigen lassen und auch wieder deaktivieren.<\/p>\n<p>Youtube-Inhalte immer anzeigen<\/p>\n<p>Ich bin damit einverstanden, dass mir externe Inhalte angezeigt werden. Damit k\u00f6nnen personenbezogene Daten an Drittplattformen \u00fcbermittelt werden. <a target=\"_blank\" class=\"transition-colors duration-200 cursor-pointer text-inherit no-underline text-magenta\" href=\"https:\/\/www.t-online.de\/datenschutz\/id_88397036\/index#17-externe-inhalte\" rel=\"nofollow noopener\">Mehr dazu in unseren Datenschutzhinweisen<\/a>.<\/p>\n<p class=\"text-18 leading-17 user-text-lg:text-22 user-text-xl:text-24\">Der Freitag selbst zeigt sich wechselhaft: Zun\u00e4chst stark bew\u00f6lkt und vor allem im Westen und Nordwesten mit Schauern, klingen diese im Tagesverlauf aber ab. Anschlie\u00dfend lockert es auf. Die H\u00f6chsttemperaturen liegen zwischen 10 und 12 Grad. In der Nacht zum Samstag sinken die Temperaturen erneut auf bis zu minus 5 Grad, verbreitet ist Frost in Bodenn\u00e4he m\u00f6glich.<\/p>\n<p class=\"text-18 leading-17 user-text-lg:text-22 user-text-xl:text-24\">Der Samstag verspricht der freundlichste Tag der Wetterlage zu werden: Bei wenigen Wolken scheint viel Sonne, Niederschlag ist keiner zu erwarten. Die Temperaturen k\u00f6nnen laut DWD bis auf 17 Grad steigen. In der Nacht zum Sonntag k\u00fchlt es auf Werte zwischen minus 1 und plus 3 Grad ab, verbreitet ist Frost in Bodenn\u00e4he m\u00f6glich.<\/p>\n<p class=\"text-18 leading-17 user-text-lg:text-22 user-text-xl:text-24\">Der Sonntag pr\u00e4sentiert sich laut Prognose heiter bis wolkig und trocken, mit H\u00f6chstwerten um 15 Grad \u2013 allerdings bei zeitweise frischem und stark b\u00f6igem Ostwind. In der Nacht zum Montag zieht von Westen her erneut Bew\u00f6lkung auf, vereinzelt ist etwas Regen m\u00f6glich.<\/p>\n","protected":false},"excerpt":{"rendered":"Bald wird es w\u00e4rmer Frost und Nebel zum Start \u2013 Sonne am Wochenende 09.04.2026 &#8211; 06:45 UhrLesedauer: 2&hellip;\n","protected":false},"author":2,"featured_media":931938,"comment_status":"","ping_status":"","sticky":false,"template":"","format":"standard","meta":{"footnotes":"","_share_on_mastodon":"0"},"categories":[1816],"tags":[722,3176,1960,1958,1959,1957,296,1956,1890,950,29,4906,30,137797],"class_list":["post-931937","post","type-post","status-publish","format-standard","has-post-thumbnail","category-brandenburg","tag-722","tag-3176","tag-aktuelle-nachrichten-aus-berlin-und-brandenburg","tag-aktuelle-nachrichten-aus-brandenburg","tag-aktuelle-news-aus-berlin-und-brandenburg","tag-aktuelle-news-aus-brandenburg","tag-berlin","tag-berlin-und-brandenburg","tag-brandenburg","tag-deutscher-wetterdienst","tag-deutschland","tag-dwd","tag-germany","tag-schneeregen"],"share_on_mastodon":{"url":"https:\/\/pubeurope.com\/@de\/116372944280638638","error":""},"_links":{"self":[{"href":"https:\/\/www.europesays.com\/de\/wp-json\/wp\/v2\/posts\/931937","targetHints":{"allow":["GET"]}}],"collection":[{"href":"https:\/\/www.europesays.com\/de\/wp-json\/wp\/v2\/posts"}],"about":[{"href":"https:\/\/www.europesays.com\/de\/wp-json\/wp\/v2\/types\/post"}],"author":[{"embeddable":true,"href":"https:\/\/www.europesays.com\/de\/wp-json\/wp\/v2\/users\/2"}],"replies":[{"embeddable":true,"href":"https:\/\/www.europesays.com\/de\/wp-json\/wp\/v2\/comments?post=931937"}],"version-history":[{"count":0,"href":"https:\/\/www.europesays.com\/de\/wp-json\/wp\/v2\/posts\/931937\/revisions"}],"wp:featuredmedia":[{"embeddable":true,"href":"https:\/\/www.europesays.com\/de\/wp-json\/wp\/v2\/media\/931938"}],"wp:attachment":[{"href":"https:\/\/www.europesays.com\/de\/wp-json\/wp\/v2\/media?parent=931937"}],"wp:term":[{"taxonomy":"category","embeddable":true,"href":"https:\/\/www.europesays.com\/de\/wp-json\/wp\/v2\/categories?post=931937"},{"taxonomy":"post_tag","embeddable":true,"href":"https:\/\/www.europesays.com\/de\/wp-json\/wp\/v2\/tags?post=931937"}],"curies":[{"name":"wp","href":"https:\/\/api.w.org\/{rel}","templated":true}]}}