{"id":932060,"date":"2026-04-09T05:59:14","date_gmt":"2026-04-09T05:59:14","guid":{"rendered":"https:\/\/www.europesays.com\/de\/932060\/"},"modified":"2026-04-09T05:59:14","modified_gmt":"2026-04-09T05:59:14","slug":"analyse-zum-bevorstehenden-f95-zugang-steven-van-der-sloot","status":"publish","type":"post","link":"https:\/\/www.europesays.com\/de\/932060\/","title":{"rendered":"Analyse zum bevorstehenden F95-Zugang Steven van der Sloot"},"content":{"rendered":"<p class=\"text_ohne_einzug richtext text-em-55 !leading-serif mx-6 desktop:mx-0\">Der Fortuna-Kader steht im Sommer vor einigen Umbauarbeiten. Das h\u00e4ngt nicht nur mit der schwachen sportlichen Leistung in dieser Saison zusammen, <a href=\"https:\/\/rp-online.de\/sport\/fussball\/fortuna\/fortuna-duesseldorf-f95-entscheidungen-fuer-neue-saison_bid-127637099#0\" target=\"_blank\" rel=\"nofollow noopener\">sondern auch mit der Vertragssituation zahlreicher Profis<\/a>. Allerdings liegt darin auch die Chance, neue Energie in den Kader zu bringen. Genau das verspricht Steven van der Sloot, Kostenpflichtiger Inhalt <a href=\"https:\/\/rp-online.de\/sport\/fussball\/fortuna\/fortuna-duesseldorf-transfer-von-steven-van-der-sloot-steht-dicht-bevor_aid-146272351\" target=\"_blank\" rel=\"nofollow noopener\">der nach Informationen unserer Redaktion vor einem Wechsel nach D\u00fcsseldorf steht<\/a>. Die Verpflichtung des Niederl\u00e4nders, der bis Saisonende noch bei Ado Den Haag unter Vertrag steht, soll in den kommenden Wochen verk\u00fcndet werden. Die Frage, worauf sich die Fortuna-Anh\u00e4nger zur kommenden Spielzeit beim neuen Rechtsverteidiger einstellen k\u00f6nnen, l\u00e4sst sich aber schon vorher beantworten.<\/p>\n","protected":false},"excerpt":{"rendered":"Der Fortuna-Kader steht im Sommer vor einigen Umbauarbeiten. Das h\u00e4ngt nicht nur mit der schwachen sportlichen Leistung in&hellip;\n","protected":false},"author":2,"featured_media":932061,"comment_status":"","ping_status":"","sticky":false,"template":"","format":"standard","meta":{"footnotes":"","_share_on_mastodon":"0"},"categories":[1831],"tags":[203601,53331,203600,73318,6232,26083,111782,3364,170852,203602,29,3405,6223,347,203603,30,11448,18094,203604,1209,200718,10142],"class_list":["post-932060","post","type-post","status-publish","format-standard","has-post-thumbnail","category-duesseldorf","tag-20nach","tag-2ffortuna","tag-2ffussball","tag-2fsport","tag-ball","tag-baelle","tag-balleroberungen","tag-de","tag-defensiv","tag-defensivlaeufe","tag-deutschland","tag-duesseldorf","tag-fortuna","tag-fussball","tag-fussballbegriff","tag-germany","tag-haag","tag-laeufe","tag-laufes","tag-nordrhein-westfalen","tag-sloot","tag-van"],"share_on_mastodon":{"url":"https:\/\/pubeurope.com\/@de\/116373223429135921","error":""},"_links":{"self":[{"href":"https:\/\/www.europesays.com\/de\/wp-json\/wp\/v2\/posts\/932060","targetHints":{"allow":["GET"]}}],"collection":[{"href":"https:\/\/www.europesays.com\/de\/wp-json\/wp\/v2\/posts"}],"about":[{"href":"https:\/\/www.europesays.com\/de\/wp-json\/wp\/v2\/types\/post"}],"author":[{"embeddable":true,"href":"https:\/\/www.europesays.com\/de\/wp-json\/wp\/v2\/users\/2"}],"replies":[{"embeddable":true,"href":"https:\/\/www.europesays.com\/de\/wp-json\/wp\/v2\/comments?post=932060"}],"version-history":[{"count":0,"href":"https:\/\/www.europesays.com\/de\/wp-json\/wp\/v2\/posts\/932060\/revisions"}],"wp:featuredmedia":[{"embeddable":true,"href":"https:\/\/www.europesays.com\/de\/wp-json\/wp\/v2\/media\/932061"}],"wp:attachment":[{"href":"https:\/\/www.europesays.com\/de\/wp-json\/wp\/v2\/media?parent=932060"}],"wp:term":[{"taxonomy":"category","embeddable":true,"href":"https:\/\/www.europesays.com\/de\/wp-json\/wp\/v2\/categories?post=932060"},{"taxonomy":"post_tag","embeddable":true,"href":"https:\/\/www.europesays.com\/de\/wp-json\/wp\/v2\/tags?post=932060"}],"curies":[{"name":"wp","href":"https:\/\/api.w.org\/{rel}","templated":true}]}}