{"id":932272,"date":"2026-04-09T08:18:37","date_gmt":"2026-04-09T08:18:37","guid":{"rendered":"https:\/\/www.europesays.com\/de\/932272\/"},"modified":"2026-04-09T08:18:37","modified_gmt":"2026-04-09T08:18:37","slug":"kaninchen-einfach-zurueckgelassen-grosse-betroffenheit-im-bielefelder-tierheim","status":"publish","type":"post","link":"https:\/\/www.europesays.com\/de\/932272\/","title":{"rendered":"Kaninchen einfach zur\u00fcckgelassen: Gro\u00dfe Betroffenheit im Bielefelder Tierheim"},"content":{"rendered":"<p id=\"absatz1\" data-end=\"201\" data-start=\"0\">Bielefeld. Eigentlich sollte dieses Problem l\u00e4ngst keines mehr sein \u2013 doch es h\u00f6rt nicht auf: Rund um Ostern landen wieder viel zu viele ausgesetzte Haustiere im Tierheim des Tierschutzvereins Bielefeld. Die Bilanz 2026 ist bedr\u00fcckend.<\/p>\n<p id=\"absatz2\" data-end=\"575\" data-start=\"203\">Nach Angaben des Tierschutzvereins Bielefeld wurden innerhalb weniger Tage mehrere Kaninchen und Meerschweinchen gemeldet, die offenbar einfach sich selbst \u00fcberlassen worden waren. Zwei Kaninchen wurden zusammen mit ungeeignetem Futter \u2013 darunter Brot und Haferflocken \u2013 zur\u00fcckgelassen. Beides k\u00f6nne bei den empfindlichen Tieren zu schweren Verdauungsproblemen f\u00fchren.<\/p>\n<p>        <a href=\"https:\/\/www.nw.de\/_em_daten\/_cache\/image\/1xK1dxRW9mY2IzblFqMWxnRCtJSE9vR2szdFZ6QmhSNjdlQVFFQ1E3SERPSlEzSjEveFduR3Q1cmRkakRqMjNIU2J4NlZ2cS81S0xnQ1V4L1VqUithUmc9PQ\/260407-2157-883323390.jpg\" class=\"nw-article-image\" title=\"Die Tiere sind teils in sehr schlechtem Zustand.\" data-glightbox=\"type: image; description: Die Tiere sind teils in sehr schlechtem Zustand.  | \u00a9 Tierschutzverein Bielefeld \" rel=\"nofollow noopener\" target=\"_blank\"><br \/>\n            <img decoding=\"async\" src=\"https:\/\/www.europesays.com\/de\/wp-content\/uploads\/2026\/04\/260407-2157-883323390.jpg\" class=\"nw-img-fluid nw-w-full nw-lazy nw-rounded-t-md\" alt=\"Die Tiere sind teils in sehr schlechtem Zustand. - \u00a9 Tierschutzverein Bielefeld\" data-format=\"16:9\"\/><br \/>\n        <\/a><\/p>\n<p>                Die Tiere sind teils in sehr schlechtem Zustand.<br \/>\n                                    | \u00a9 Tierschutzverein Bielefeld<\/p>\n<p class=\"em_text\" data-end=\"1029\" data-start=\"577\">In einem weiteren Fall wurden zwei Kaninchen entdeckt, von denen nur eines lebend im Tierheim ankam. Das andere Tier verendete nach einem Zusammensto\u00df mit einem Auto \u2013 ein Schicksal, das ausgesetzten Haustieren im Stra\u00dfenverkehr h\u00e4ufig droht. Drei ausgesetzte Meerschweinchen konnten immerhin rechtzeitig gesichert werden. Ihr Zustand beschreibt das Tierheim als deutlich vernachl\u00e4ssigt; ohne schnelle Hilfe h\u00e4tten sie vermutlich nicht \u00fcberlebt.<\/p>\n<p>Solche F\u00e4lle sind kein Einzelfall<\/p>\n<p>        <a href=\"https:\/\/www.nw.de\/_em_daten\/_cache\/image\/1xck9haTZoSUVwTnRXbmpreUw2OFR2dWhUeW5UZXd1ZkJhbmM5dDNORUxGSTl4cTdJR1N2WEdBMGliT3llOWtqN2NZbVQ3a0ZVRzFJR3F3SEkzT3E2eHc9PQ\/260407-2157-883437207.jpg\" class=\"nw-article-image\" title=\"Mehrere traurige Funde melden B\u00fcrger rund um Ostern dem Tierheim.\" data-glightbox=\"type: image; description: Mehrere traurige Funde melden B\u00fcrger rund um Ostern dem Tierheim.  | \u00a9 Tierschutzverein Bielefeld \" rel=\"nofollow noopener\" target=\"_blank\"><br \/>\n            <img decoding=\"async\" src=\"https:\/\/www.europesays.com\/de\/wp-content\/uploads\/2026\/04\/260407-2157-883437207.jpg\" class=\"nw-img-fluid nw-w-full nw-lazy nw-rounded-t-md\" alt=\"Mehrere traurige Funde melden B\u00fcrger rund um Ostern dem Tierheim. - \u00a9 Tierschutzverein Bielefeld\" data-format=\"16:9\"\/><br \/>\n        <\/a><\/p>\n<p>                Mehrere traurige Funde melden B\u00fcrger rund um Ostern dem Tierheim.<br \/>\n                                    | \u00a9 Tierschutzverein Bielefeld<\/p>\n<p class=\"em_text\" data-end=\"1373\" data-start=\"1031\">Solche F\u00e4lle sind kein Einzelfall, sondern spiegeln ein strukturelles Problem wider. Gerade nach Feiertagen wie Ostern oder Weihnachten registrieren Tierheime regelm\u00e4\u00dfig einen Anstieg ausgesetzter Tiere. H\u00e4ufig werden Tiere un\u00fcberlegt angeschafft \u2013 etwa als Geschenk \u2013 und sp\u00e4ter aus \u00dcberforderung oder Desinteresse abgegeben oder ausgesetzt.<\/p>\n<p id=\"absatz6\" data-end=\"1373\" data-start=\"1031\"><b class=\"bold\">Auch interessant:<\/b> <a href=\"https:\/\/www.nw.de\/lokal\/bielefeld\/mitte\/24300870_Kauft-keine-Tickets-Tierschuetzer-greifen-Pferdeshow-Cavalluna-in-Bielefeld-an.html\" rel=\"nofollow noopener\" target=\"_blank\">Tiersch\u00fctzer greifen Pferdeshow Cavalluna in Bielefeld an<\/a><\/p>\n<p id=\"absatz7\" data-end=\"1800\" data-start=\"1375\">Rechtlich ist das eindeutig: Das Aussetzen eines Haustiers ist in Deutschland kein Kavaliersdelikt, sondern eine Straftat. Nach dem Tierschutzgesetz kann dies mit Geldstrafen oder sogar Freiheitsstrafen geahndet werden. Wer ein Tier h\u00e4lt, ist verpflichtet, es artgerecht zu versorgen \u2013 und dazu geh\u00f6rt auch, im Zweifel verantwortungsvoll f\u00fcr eine Abgabe zu sorgen, statt das Tier sich selbst zu \u00fcberlassen.<\/p>\n<p id=\"absatz8\" class=\"em_text\" data-end=\"2222\" data-start=\"1802\">Tierschutzorganisationen weisen zudem darauf hin, dass insbesondere Kleintiere wie Kaninchen und Meerschweinchen oft untersch\u00e4tzt werden. Sie ben\u00f6tigen nicht nur ausreichend Platz, Sozialkontakte und eine angepasste Ern\u00e4hrung, sondern auch regelm\u00e4\u00dfige tier\u00e4rztliche Versorgung. Die Vorstellung, sie k\u00f6nnten \u201eeinfach drau\u00dfen klarkommen\u201c, ist schlicht falsch \u2013 domestizierte Tiere sind auf menschliche F\u00fcrsorge angewiesen.<\/p>\n<p id=\"absatz9\" class=\"em_text\" data-end=\"2563\" data-is-last-node=\"\" data-is-only-node=\"\" data-start=\"2224\">Der Tierschutzverein bedankt sich ausdr\u00fccklich bei den Menschen, die die ausgesetzten Tiere gemeldet und teilweise selbst gesichert haben. Ohne dieses Engagement w\u00e4ren vermutlich noch mehr Tiere gestorben.<\/p>\n","protected":false},"excerpt":{"rendered":"Bielefeld. Eigentlich sollte dieses Problem l\u00e4ngst keines mehr sein \u2013 doch es h\u00f6rt nicht auf: Rund um Ostern&hellip;\n","protected":false},"author":2,"featured_media":930989,"comment_status":"","ping_status":"","sticky":false,"template":"","format":"standard","meta":{"footnotes":"","_share_on_mastodon":"0"},"categories":[1841],"tags":[513,167752,1605,3364,29,30,15550,37503,9311,9307,1611,1606,1609,2379,9310,15354,1608,2378,198343,736,164252,10127,1613,1209,2454,2486,145968,6607],"class_list":["post-932272","post","type-post","status-publish","format-standard","has-post-thumbnail","category-bielefeld","tag-auto","tag-betroffenheit","tag-bielefeld","tag-de","tag-deutschland","tag-germany","tag-kaninchen","tag-label_berhre-mich","tag-label_familie-freizeit","tag-label_foto","tag-label_informiere-mich","tag-label_m-80","tag-label_plus-ok","tag-label_push","tag-label_social","tag-label_stroer","tag-label_top-news","tag-label_umfrage","tag-meta_artikelklasse_aboanker","tag-meta_copyrights_nw","tag-meta_eo_zusammenfassung","tag-meta_themen_natur_klima_umwelt","tag-meta_userneeds_informieremich","tag-nordrhein-westfalen","tag-ostern","tag-tierheim","tag-tierqulerei","tag-tierschutzverein"],"share_on_mastodon":{"url":"","error":"Validation failed: Text character limit of 500 exceeded"},"_links":{"self":[{"href":"https:\/\/www.europesays.com\/de\/wp-json\/wp\/v2\/posts\/932272","targetHints":{"allow":["GET"]}}],"collection":[{"href":"https:\/\/www.europesays.com\/de\/wp-json\/wp\/v2\/posts"}],"about":[{"href":"https:\/\/www.europesays.com\/de\/wp-json\/wp\/v2\/types\/post"}],"author":[{"embeddable":true,"href":"https:\/\/www.europesays.com\/de\/wp-json\/wp\/v2\/users\/2"}],"replies":[{"embeddable":true,"href":"https:\/\/www.europesays.com\/de\/wp-json\/wp\/v2\/comments?post=932272"}],"version-history":[{"count":0,"href":"https:\/\/www.europesays.com\/de\/wp-json\/wp\/v2\/posts\/932272\/revisions"}],"wp:featuredmedia":[{"embeddable":true,"href":"https:\/\/www.europesays.com\/de\/wp-json\/wp\/v2\/media\/930989"}],"wp:attachment":[{"href":"https:\/\/www.europesays.com\/de\/wp-json\/wp\/v2\/media?parent=932272"}],"wp:term":[{"taxonomy":"category","embeddable":true,"href":"https:\/\/www.europesays.com\/de\/wp-json\/wp\/v2\/categories?post=932272"},{"taxonomy":"post_tag","embeddable":true,"href":"https:\/\/www.europesays.com\/de\/wp-json\/wp\/v2\/tags?post=932272"}],"curies":[{"name":"wp","href":"https:\/\/api.w.org\/{rel}","templated":true}]}}