{"id":932521,"date":"2026-04-09T10:40:16","date_gmt":"2026-04-09T10:40:16","guid":{"rendered":"https:\/\/www.europesays.com\/de\/932521\/"},"modified":"2026-04-09T10:40:16","modified_gmt":"2026-04-09T10:40:16","slug":"alle-roecke-tragen-wir-im-fruehling-2026-anders-naemlich-instyle","status":"publish","type":"post","link":"https:\/\/www.europesays.com\/de\/932521\/","title":{"rendered":"Alle R\u00f6cke tragen wir im Fr\u00fchling 2026 anders! N\u00e4mlich &#8230; &#8211; InStyle"},"content":{"rendered":"<ol>\n<li><a href=\"https:\/\/news.google.com\/rss\/articles\/CBMilAFBVV95cUxNN2pBVWFXMG5qMlZvS0ZNTmxDWDF4eEV4bGJsbW9wdXAwNzJyRVFLMkxqS08tb0VOMGFSbEdzTmtFSWprZU5nczl2bHAxU1Q4WHRjVmh5ajZtUDJRR1M0OHlTeW11T3pzcUpwQ19Qd2RDSEE1LUFtSG5XR2lCZ1VJMjhrLXZLM1hxaXJYV254Q0tJblZY?oc=5\" target=\"_blank\" rel=\"nofollow noopener\">Alle R\u00f6cke tragen wir im Fr\u00fchling 2026 anders! N\u00e4mlich &#8230;<\/a>&nbsp;&nbsp;InStyle<\/li>\n<li><a href=\"https:\/\/news.google.com\/rss\/articles\/CBMi0wFBVV95cUxON24tc00waDV5MXlfQ2xRaWRZX0hldmd3VU5NeDhRa25RUHlHUEE3NE5VRmNaNlFMNDBMeVA3dGJZdTJ2YlplVWx1bkViZ0ZfZ3NNRVR6UlVBUEtVdkdrUWdWZnM0Tmh2Y1pnSG9CcEktZTRHNlljaDJRcWRfV3c2UHV0d2JCYXFMZzlwcW1jcnpRNTNVcWFZZlBYeFhPbG9FYzNvSzl0UERuUFhwdTlhQy02Uk5kVkhNNDNmcE5YZ2xzcnhJdE1VV3VFSzdaUHVjaFJj?oc=5\" target=\"_blank\" rel=\"nofollow noopener\">Generation Z verkl\u00e4rt die Neunzigerjahre: Woher die Sehnsucht kommt<\/a>&nbsp;&nbsp;FAZ<\/li>\n<li><a href=\"https:\/\/news.google.com\/rss\/articles\/CBMiogFBVV95cUxNc2cyaGp1b3BZUW1ZYXdFQlNKR29LSTBSbXdHMXpBYkhmVngycFFqcjcxQThsQTlaSnlRVDhGMjFMOEhoSnlyTE5CVm9JYUphc29UNDhNQ190bHZxRno2NVdNSko4ZTRHZWFVQWw0Z0hicEF4YUM0WW92WVhoZkJ6N2tqM1ZsanpXRVVwTjhTeFJPaFk3MzgyLTVhZmxjSlVyMUE?oc=5\" target=\"_blank\" rel=\"nofollow noopener\">Diese 5 90s-Hosen sind im Fr\u00fchling\/Sommer 2026 wieder total im Trend \u2013 und so stylen wir sie heute<\/a>&nbsp;&nbsp;Glamour Germany<\/li>\n<li><a href=\"https:\/\/news.google.com\/rss\/articles\/CBMiyAFBVV95cUxPbmxrNVhpd1JWSzYwWm5RNU1kc1luTWszVUNHSXFnSzRlTlJQNEFScHZsMlRxNHd2cHNnV1VyX2cyX2xoN1R5b0FFNFhTWHJueElMUXFRN2NCOFJwT3BTTkRYTEYwZEZHMlRJUFF2ZXdPWW1TX0U0SEpVdTk0SzhBT3k5VzBHTk9xRGlGUHFUWGRIZHpRYnhIcHVrMy14OGdoc3lNaFBZN1ctNTlmTUpvbmVzaWc0ZEZSV1ZWZ3BONlRYdGkzNDlZbg?oc=5\" target=\"_blank\" rel=\"nofollow noopener\">Mode-Trends 2026: Diese M\u00e4ntel im 90s-Look tragen wir in der \u00dcbergangszeit non-stop<\/a>&nbsp;&nbsp;GRAZIA Deutschland<\/li>\n<li><a href=\"https:\/\/news.google.com\/rss\/articles\/CBMioAFBVV95cUxPUkhxRHc3Rklqa2N2WXlMR0JIejZiWDNZT2Nmd2l1ZlNiWllZUUpPZlo2MGFoNm1mUVk4bTltbVZjbnc5MHU5ZVRzZ2NUTk9OTnp1OS1EMkwtd3Fnc2NITy1sajVsNnBlRnRCSDN4WE1MeUZwS2MtVXVZVHFWNWVjSklfdDBOVS1oLWhlWUVZVTZ5U1RQQXRYVzV1Nm45TGFZ?oc=5\" target=\"_blank\" rel=\"nofollow noopener\">90\u2019s Essentials f\u00fcr einen zeitlosen Kleiderschrank<\/a>&nbsp;&nbsp;FashionUnited<\/li>\n<\/ol>\n","protected":false},"excerpt":{"rendered":"Alle R\u00f6cke tragen wir im Fr\u00fchling 2026 anders! N\u00e4mlich &#8230;&nbsp;&nbsp;InStyle Generation Z verkl\u00e4rt die Neunzigerjahre: Woher die Sehnsucht&hellip;\n","protected":false},"author":2,"featured_media":932522,"comment_status":"","ping_status":"","sticky":false,"template":"","format":"standard","meta":{"footnotes":"","_share_on_mastodon":"0"},"categories":[155],"tags":[29,214,23883,30,280,191654,203708,215],"class_list":["post-932521","post","type-post","status-publish","format-standard","has-post-thumbnail","category-unterhaltung","tag-deutschland","tag-entertainment","tag-fashion","tag-germany","tag-modetrends","tag-modetrends-fruehjahr-sommer-2026","tag-roecke","tag-unterhaltung"],"share_on_mastodon":{"url":"https:\/\/pubeurope.com\/@de\/116374328211172796","error":""},"_links":{"self":[{"href":"https:\/\/www.europesays.com\/de\/wp-json\/wp\/v2\/posts\/932521","targetHints":{"allow":["GET"]}}],"collection":[{"href":"https:\/\/www.europesays.com\/de\/wp-json\/wp\/v2\/posts"}],"about":[{"href":"https:\/\/www.europesays.com\/de\/wp-json\/wp\/v2\/types\/post"}],"author":[{"embeddable":true,"href":"https:\/\/www.europesays.com\/de\/wp-json\/wp\/v2\/users\/2"}],"replies":[{"embeddable":true,"href":"https:\/\/www.europesays.com\/de\/wp-json\/wp\/v2\/comments?post=932521"}],"version-history":[{"count":0,"href":"https:\/\/www.europesays.com\/de\/wp-json\/wp\/v2\/posts\/932521\/revisions"}],"wp:featuredmedia":[{"embeddable":true,"href":"https:\/\/www.europesays.com\/de\/wp-json\/wp\/v2\/media\/932522"}],"wp:attachment":[{"href":"https:\/\/www.europesays.com\/de\/wp-json\/wp\/v2\/media?parent=932521"}],"wp:term":[{"taxonomy":"category","embeddable":true,"href":"https:\/\/www.europesays.com\/de\/wp-json\/wp\/v2\/categories?post=932521"},{"taxonomy":"post_tag","embeddable":true,"href":"https:\/\/www.europesays.com\/de\/wp-json\/wp\/v2\/tags?post=932521"}],"curies":[{"name":"wp","href":"https:\/\/api.w.org\/{rel}","templated":true}]}}