{"id":932828,"date":"2026-04-09T13:36:26","date_gmt":"2026-04-09T13:36:26","guid":{"rendered":"https:\/\/www.europesays.com\/de\/932828\/"},"modified":"2026-04-09T13:36:26","modified_gmt":"2026-04-09T13:36:26","slug":"ex-mann-mit-saeure-uebergossen-27-jaehrige-bestreitet-absicht","status":"publish","type":"post","link":"https:\/\/www.europesays.com\/de\/932828\/","title":{"rendered":"Ex-Mann mit S\u00e4ure \u00fcbergossen? 27-J\u00e4hrige bestreitet Absicht"},"content":{"rendered":"<p>        <img decoding=\"async\" src=\"https:\/\/www.europesays.com\/de\/wp-content\/uploads\/2026\/04\/saeure-106.webp.webp\" alt=\"Angeklagte mit Aktenordner vor dem Gesicht im Gerichtssaal.\" title=\"Angeklagte mit Aktenordner vor dem Gesicht im Gerichtssaal. | NDR | Alysha Kraft\" class=\"responsive\"\/><\/p>\n<p>\n                Stand: 09.04.2026 12:56 Uhr<\/p>\n<p class=\"preface\">Wegen versuchten Mordes und schwerer K\u00f6rperverletzung muss sich eine Frau ab heute vor dem Landgericht Braunschweig verantworten. Sie soll versucht haben, ihren damaligen Ehemann mit einer S\u00e4ure-Attacke zu t\u00f6ten.<\/p>\n<p class=\"\">Die 27-J\u00e4hrige bestritt zum Prozessauftakt die Vorw\u00fcrfe. Es habe einen Kampf um die Flasche mit der Ameisens\u00e4ure gegeben, sagte sie vor Gericht. Nach einer Abwehrbewegung habe ihr Ex-Mann dann die Fl\u00fcssigkeit abbekommen. Die Anklage wirft der Frau dagegen vor, den 32-J\u00e4hrigen im November 2025 in Schladen (Landkreis Wolfenb\u00fcttel) gezielt angegriffen zu haben. Der Mann habe zuvor angek\u00fcndigt, die Scheidung einreichen zu wollen. Die Angeklagte soll daraufhin den Entschluss gefasst haben, ihn zu t\u00f6ten &#8211; auch, um an 400.000 Euro aus einer Risikolebensversicherung zu kommen.<\/p>\n<p>    Mann erblindet nach S\u00e4ureangriff<\/p>\n<p class=\"\">Die Staatsanwaltschaft geht davon aus, dass die Angeklagte ihren Mann am Tattag unter einem Vorwand in den Keller des gemeinsamen Hauses lockte. Dort soll sie ihm von hinten hochkonzentrierte <a href=\"https:\/\/www.ndr.de\/nachrichten\/niedersachsen\/braunschweig_harz_goettingen\/schladen-beuchte-ehefrau-soll-mann-mit-saeure-uebergossen-haben,angriff-106.html\" title=\"Schladen-Beuchte: Ehefrau soll Mann mit S\u00e4ure \u00fcbergossen haben\" rel=\"nofollow noopener\" target=\"_blank\">Ameisens\u00e4ure \u00fcber Kopf und Gesicht gesch\u00fcttet haben<\/a>. Der Mann fl\u00fcchtete schwer verletzt aus dem Haus und traf auf einen Nachbarn, der Erste Hilfe leistete und den Notruf absetzte. Das Opfer erlitt schwere Ver\u00e4tzungen und erblindete infolge der mutma\u00dflichen Attacke vollst\u00e4ndig. Der Mann lag mehrere Tage im Koma.<\/p>\n<p>        <img decoding=\"async\" src=\"https:\/\/www.europesays.com\/de\/wp-content\/uploads\/2026\/04\/polizei7462.webp.webp\" alt=\"Auf einem rot-wei\u00df-gestreiftem Band steht &quot;Polizeiabsprerrung.\" title=\"Auf einem rot-wei\u00df-gestreiftem Band steht &quot;Polizeiabsprerrung. | David Inderlied\/dpa\" class=\"responsive\" loading=\"lazy\"\/><\/p>\n<p>Die Staatsanwaltschaft geht von versuchtem Mord aus. Das Paar aus dem Landkreis Wolfenb\u00fcttel hat zwei kleine Kinder. <\/p>\n","protected":false},"excerpt":{"rendered":"Stand: 09.04.2026 12:56 Uhr Wegen versuchten Mordes und schwerer K\u00f6rperverletzung muss sich eine Frau ab heute vor dem&hellip;\n","protected":false},"author":2,"featured_media":932829,"comment_status":"","ping_status":"","sticky":false,"template":"","format":"standard","meta":{"footnotes":"","_share_on_mastodon":"0"},"categories":[1850],"tags":[590,170829,13774,6429,3364,29,548,663,3934,30,13,4933,2183,14,15,1411,3238,1009,203789,12,18314],"class_list":["post-932828","post","type-post","status-publish","format-standard","has-post-thumbnail","category-braunschweig","tag-aktuell","tag-ameisensaeure","tag-anschlag","tag-braunschweig","tag-de","tag-deutschland","tag-eu","tag-europa","tag-europe","tag-germany","tag-headlines","tag-landgericht","tag-mord","tag-nachrichten","tag-news","tag-niedersachsen","tag-prozessauftakt","tag-recht","tag-schladen","tag-schlagzeilen","tag-versuchter"],"share_on_mastodon":{"url":"https:\/\/pubeurope.com\/@de\/116375020426711088","error":""},"_links":{"self":[{"href":"https:\/\/www.europesays.com\/de\/wp-json\/wp\/v2\/posts\/932828","targetHints":{"allow":["GET"]}}],"collection":[{"href":"https:\/\/www.europesays.com\/de\/wp-json\/wp\/v2\/posts"}],"about":[{"href":"https:\/\/www.europesays.com\/de\/wp-json\/wp\/v2\/types\/post"}],"author":[{"embeddable":true,"href":"https:\/\/www.europesays.com\/de\/wp-json\/wp\/v2\/users\/2"}],"replies":[{"embeddable":true,"href":"https:\/\/www.europesays.com\/de\/wp-json\/wp\/v2\/comments?post=932828"}],"version-history":[{"count":0,"href":"https:\/\/www.europesays.com\/de\/wp-json\/wp\/v2\/posts\/932828\/revisions"}],"wp:featuredmedia":[{"embeddable":true,"href":"https:\/\/www.europesays.com\/de\/wp-json\/wp\/v2\/media\/932829"}],"wp:attachment":[{"href":"https:\/\/www.europesays.com\/de\/wp-json\/wp\/v2\/media?parent=932828"}],"wp:term":[{"taxonomy":"category","embeddable":true,"href":"https:\/\/www.europesays.com\/de\/wp-json\/wp\/v2\/categories?post=932828"},{"taxonomy":"post_tag","embeddable":true,"href":"https:\/\/www.europesays.com\/de\/wp-json\/wp\/v2\/tags?post=932828"}],"curies":[{"name":"wp","href":"https:\/\/api.w.org\/{rel}","templated":true}]}}