{"id":932955,"date":"2026-04-09T14:51:15","date_gmt":"2026-04-09T14:51:15","guid":{"rendered":"https:\/\/www.europesays.com\/de\/932955\/"},"modified":"2026-04-09T14:51:15","modified_gmt":"2026-04-09T14:51:15","slug":"nuernberg-trainer-klose-spricht-vor-duell-gegen-dresden-ueber-krawall-fans-sport","status":"publish","type":"post","link":"https:\/\/www.europesays.com\/de\/932955\/","title":{"rendered":"N\u00fcrnberg-Trainer Klose spricht vor Duell gegen Dresden \u00fcber Krawall-Fans | Sport"},"content":{"rendered":"<p><a class=\"skip-content skip-content--link\" href=\"#in-content-skip-link-target-v-0-0\">TTS-Player \u00fcberspringen\u21b5<\/a><a id=\"in-content-skip-link-target-v-0-0\" class=\"skip-content--target-link-hidden skip-content skip-content--target-link\" href=\"#in-content-skip-link-target-v-0-0\">Artikel weiterlesen<\/a><\/p>\n<p>N\u00fcrnberg \u2013<b> Vor einer Woche sorgten Ausschreitungen beim Spiel von Dynamo Dresden gegen Hertha BSC (0:1) f\u00fcr bundesweites Entsetzen. Fans kletterten \u00fcber Z\u00e4une und <\/b><a href=\"https:\/\/www.bild.de\/sport\/fussball\/330-gb-videos-dresden-randale-polizei-jagt-taeter-mit-super-erkennern-69d510f733b5b27dfdea0b36\" class=\"text-link\" rel=\"nofollow noopener\" target=\"_blank\"><b>gingen im Innenraum des Stadions brutal aufeinander los<\/b><\/a><b>. Am Samstag (13 Uhr) ist Dynamo Dresden zu Gast beim 1. FC N\u00fcrnberg. Was kommt da wohl auf den Club zu?<\/b><\/p>\n<p>N\u00fcrnberg-Trainer Miroslav Klose (47) hat zu den Vorf\u00e4llen in Dresden eine klare Meinung: \u201eDas kann man ganz deutlich sagen: Das sind Fu\u00dfball-Chaoten. Wir m\u00fcssen an die denken, die den Sport genauso lieben wie wir. Verr\u00fcckte gibt es \u00fcberall, auch im Fu\u00dfball. Wir m\u00fcssen zusammen schauen, dass wir die eingrenzen.\u201c<\/p>\n<p>Mehr zum ThemaKlose denkt nicht an Krawalle<\/p>\n<p>Auf die Frage, ob er sein Team denn auf eventuelle Spielunterbrechungen aufgrund von m\u00f6glichen Ausschreitungen vorbereite, sagte der FCN-Trainer: \u201eIch bereite die Spieler darauf nicht vor, weil so etwas kannst du nicht planen.\u201c Ohnehin m\u00f6chte sich Klose rein auf das Sportliche konzentrieren.<\/p>\n<p>Klose: \u201eGenau diese negativen Gedanken, was passieren k\u00f6nnte, lasse ich nicht in meinen Kopf. Ich habe gesagt, was das f\u00fcr Chaoten sind, die nur hinkommen, um dementsprechend aufzufallen und Krawalle zu machen. Das sind nicht die Fans, die ich kenne. Ich gehe nur vom Positiven und einer fantastischen Stimmung aus, weil ich wei\u00df, dass beide Fanlager richtig Stimmung machen k\u00f6nnen. Wenn die beiden Mannschaften fu\u00dfballerisch richtig was auf die Platte bringen k\u00f6nnen, dann wird es ein fantastisches Spiel. Und nur das ist bei mir der erste Gedanke.\u201c<\/p>\n<p>Bleibt zu hoffen, dass es im bereits ausverkauften Max-Morlock-Stadion auch wirklich ein friedliches Fu\u00dfballfest geben wird.<\/p>\n","protected":false},"excerpt":{"rendered":"TTS-Player \u00fcberspringen\u21b5Artikel weiterlesen N\u00fcrnberg \u2013 Vor einer Woche sorgten Ausschreitungen beim Spiel von Dynamo Dresden gegen Hertha BSC&hellip;\n","protected":false},"author":2,"featured_media":932956,"comment_status":"","ping_status":"","sticky":false,"template":"","format":"standard","meta":{"footnotes":"","_share_on_mastodon":"0"},"categories":[136],"tags":[783,1001,29,3766,347,30,1088,5589,786,877,265,1470,45,784],"class_list":["post-932955","post","type-post","status-publish","format-standard","has-post-thumbnail","category-sport","tag-1-fc-nuernberg","tag-ausschreitungen","tag-deutschland","tag-dynamo-dresden","tag-fussball","tag-germany","tag-hertha-bsc","tag-hooligan","tag-klose-miroslav","tag-spobi-2-liga","tag-sport","tag-sport-leuchtturm-muenchen","tag-texttospeech","tag-zweite-bundesliga"],"share_on_mastodon":{"url":"https:\/\/pubeurope.com\/@de\/116375315345140235","error":""},"_links":{"self":[{"href":"https:\/\/www.europesays.com\/de\/wp-json\/wp\/v2\/posts\/932955","targetHints":{"allow":["GET"]}}],"collection":[{"href":"https:\/\/www.europesays.com\/de\/wp-json\/wp\/v2\/posts"}],"about":[{"href":"https:\/\/www.europesays.com\/de\/wp-json\/wp\/v2\/types\/post"}],"author":[{"embeddable":true,"href":"https:\/\/www.europesays.com\/de\/wp-json\/wp\/v2\/users\/2"}],"replies":[{"embeddable":true,"href":"https:\/\/www.europesays.com\/de\/wp-json\/wp\/v2\/comments?post=932955"}],"version-history":[{"count":0,"href":"https:\/\/www.europesays.com\/de\/wp-json\/wp\/v2\/posts\/932955\/revisions"}],"wp:featuredmedia":[{"embeddable":true,"href":"https:\/\/www.europesays.com\/de\/wp-json\/wp\/v2\/media\/932956"}],"wp:attachment":[{"href":"https:\/\/www.europesays.com\/de\/wp-json\/wp\/v2\/media?parent=932955"}],"wp:term":[{"taxonomy":"category","embeddable":true,"href":"https:\/\/www.europesays.com\/de\/wp-json\/wp\/v2\/categories?post=932955"},{"taxonomy":"post_tag","embeddable":true,"href":"https:\/\/www.europesays.com\/de\/wp-json\/wp\/v2\/tags?post=932955"}],"curies":[{"name":"wp","href":"https:\/\/api.w.org\/{rel}","templated":true}]}}