{"id":933136,"date":"2026-04-09T16:32:26","date_gmt":"2026-04-09T16:32:26","guid":{"rendered":"https:\/\/www.europesays.com\/de\/933136\/"},"modified":"2026-04-09T16:32:26","modified_gmt":"2026-04-09T16:32:26","slug":"unbekannte-stossen-frau-und-stehlen-bauchtasche","status":"publish","type":"post","link":"https:\/\/www.europesays.com\/de\/933136\/","title":{"rendered":"Unbekannte sto\u00dfen Frau und stehlen Bauchtasche"},"content":{"rendered":"<p class=\"mb-6 text-xs md:text-m lg:text-l font-serif group-[.font-sans]:font-sans \">\n    Zwei unbekannte M\u00e4nner raubten einer 52-J\u00e4hrigen in der Karlsruher S\u00fcdstadt am Mittwoch, 8. April 2026, die Bauchtasche. Laut Polizeibericht ereignete sich der \u00dcberfall gegen 21.05 Uhr, als die Frau von der Ettlinger Stra\u00dfe in Richtung Tiergartenbr\u00fccke lief.\n  <\/p>\n<p>            \u00dcberfall nahe der Tiergartenbr\u00fccke in Karlsruhe<\/p>\n<p class=\"mb-6 text-xs md:text-m lg:text-l font-serif group-[.font-sans]:font-sans \">\n    Kurz vor einer dortigen Unterf\u00fchrung sprachen die beiden M\u00e4nner die Frau an und forderten die Herausgabe der Bauchtasche. Dabei schlugen und traten sie die 52-J\u00e4hrige unvermittelt, woraufhin sie die Treppe zur Unterf\u00fchrung hinunterst\u00fcrzte und auf dem Boden liegen blieb. Die T\u00e4ter rissen ihr anschlie\u00dfend die Bauchtasche vom K\u00f6rper und fl\u00fcchteten in unbekannte Richtung.\n  <\/p>\n<p class=\"mb-6 text-xs md:text-m lg:text-l font-serif group-[.font-sans]:font-sans \">\n    In der Tasche befanden sich ein Handy, ein Geldbeutel sowie Bargeld. Der Gesamtwert des Raubgutes bel\u00e4uft sich nach aktuellem Ermittlungsstand auf rund 1.200 Euro.\n  <\/p>\n<p>            Polizei sucht Zeugen<\/p>\n<p class=\"mb-6 text-xs md:text-m lg:text-l font-serif group-[.font-sans]:font-sans \">\n    Die Polizei beschreibt die beiden T\u00e4ter als S\u00fcdl\u00e4nder, bekleidet mit dunklen Jogginghosen und Hoodies. Einer der M\u00e4nner soll ein Tattoo am Hals getragen haben.\n  <\/p>\n<p class=\"mb-6 text-xs md:text-m lg:text-l font-serif group-[.font-sans]:font-sans \">\n    Die Kriminalpolizei <a href=\"https:\/\/www.ka-news.de\/karlsruhe\" target=\"_self\" class=\"underline \" rel=\"nofollow noopener\">Karlsruhe<\/a> hat die Ermittlungen \u00fcbernommen. Zeugen, die Hinweise geben k\u00f6nnen, erreichen den Kriminaldauerdienst unter <a href=\"https:\/\/www.ka-news.de\/karlsruhe\/tel:07216665555\" rel=\"nofollow noopener\" target=\"_blank\" class=\"underline \">0721\/666 5555<\/a>.\n  <\/p>\n<p class=\"mb-6 text-xs md:text-m lg:text-l font-serif group-[.font-sans]:font-sans \">\n    Quelle: Polizei<a href=\"https:\/\/www.presseportal.de\/blaulicht\/pm\/110972\/6251904\" rel=\"nofollow noopener\" target=\"_blank\" class=\"underline \">pr\u00e4sidium Karlsruhe. Hinwei<\/a>s: Diese Meldung wurde unterst\u00fctzt von KI erstellt.\n  <\/p>\n<ul data-module-id=\"DragDropModule\" class=\"flex flex-wrap justify-start group-[.no-bookmarks]:hidden\">\n<li class=\"mb-3 mr-3\">\n    Karlsruhe<\/p>\n<p>      Icon Haken im Kreis gesetzt<\/p>\n<p>      Icon Plus im Kreis<\/p>\n<\/li>\n<li class=\"mb-3 mr-3\">\n    Raub<\/p>\n<p>      Icon Haken im Kreis gesetzt<\/p>\n<p>      Icon Plus im Kreis<\/p>\n<\/li>\n<li class=\"mb-3 mr-3\">\n    Polizei<\/p>\n<p>      Icon Haken im Kreis gesetzt<\/p>\n<p>      Icon Plus im Kreis<\/p>\n<\/li>\n<\/ul>\n","protected":false},"excerpt":{"rendered":"Zwei unbekannte M\u00e4nner raubten einer 52-J\u00e4hrigen in der Karlsruher S\u00fcdstadt am Mittwoch, 8. April 2026, die Bauchtasche. Laut&hellip;\n","protected":false},"author":2,"featured_media":823692,"comment_status":"","ping_status":"","sticky":false,"template":"","format":"standard","meta":{"footnotes":"","_share_on_mastodon":"0"},"categories":[1844],"tags":[1634,154039,3364,29,148429,30,8903,983,1256,121,4576,8979,194857],"class_list":["post-933136","post","type-post","status-publish","format-standard","has-post-thumbnail","category-karlsruhe","tag-baden-wuerttemberg","tag-bauchtasche","tag-de","tag-deutschland","tag-ettlingener-strasse","tag-germany","tag-karlsruhe","tag-kripo","tag-kuenstliche-intelligenz","tag-polizei","tag-raub","tag-suedstadt","tag-tiergartenbruecke"],"share_on_mastodon":{"url":"https:\/\/pubeurope.com\/@de\/116375712307786268","error":""},"_links":{"self":[{"href":"https:\/\/www.europesays.com\/de\/wp-json\/wp\/v2\/posts\/933136","targetHints":{"allow":["GET"]}}],"collection":[{"href":"https:\/\/www.europesays.com\/de\/wp-json\/wp\/v2\/posts"}],"about":[{"href":"https:\/\/www.europesays.com\/de\/wp-json\/wp\/v2\/types\/post"}],"author":[{"embeddable":true,"href":"https:\/\/www.europesays.com\/de\/wp-json\/wp\/v2\/users\/2"}],"replies":[{"embeddable":true,"href":"https:\/\/www.europesays.com\/de\/wp-json\/wp\/v2\/comments?post=933136"}],"version-history":[{"count":0,"href":"https:\/\/www.europesays.com\/de\/wp-json\/wp\/v2\/posts\/933136\/revisions"}],"wp:featuredmedia":[{"embeddable":true,"href":"https:\/\/www.europesays.com\/de\/wp-json\/wp\/v2\/media\/823692"}],"wp:attachment":[{"href":"https:\/\/www.europesays.com\/de\/wp-json\/wp\/v2\/media?parent=933136"}],"wp:term":[{"taxonomy":"category","embeddable":true,"href":"https:\/\/www.europesays.com\/de\/wp-json\/wp\/v2\/categories?post=933136"},{"taxonomy":"post_tag","embeddable":true,"href":"https:\/\/www.europesays.com\/de\/wp-json\/wp\/v2\/tags?post=933136"}],"curies":[{"name":"wp","href":"https:\/\/api.w.org\/{rel}","templated":true}]}}