{"id":93325,"date":"2025-05-08T04:04:09","date_gmt":"2025-05-08T04:04:09","guid":{"rendered":"https:\/\/www.europesays.com\/de\/93325\/"},"modified":"2025-05-08T04:04:09","modified_gmt":"2025-05-08T04:04:09","slug":"absagen-fuer-den-jan-wellem-pokal-enttaeuschen-grundschueler","status":"publish","type":"post","link":"https:\/\/www.europesays.com\/de\/93325\/","title":{"rendered":"Absagen f\u00fcr den Jan-Wellem-Pokal entt\u00e4uschen Grundsch\u00fcler"},"content":{"rendered":"<p class=\"text_ohne_einzug richtext text-em-55 !leading-serif mx-6 desktop:mx-0\">F\u00fcr kickende Viertkl\u00e4ssler ist er ein gro\u00dfes Ding, jetzt sorgt der Wettbewerb um den diesj\u00e4hrigen Jan-Wellem-Fu\u00dfballpokal der D\u00fcsseldorfer Grund- und F\u00f6rderschulen f\u00fcr Entt\u00e4uschung. Denn nur 60 der mehr als 90 Grund- und F\u00f6rderschulen im Stadtgebiet k\u00f6nnen teilnehmen. Rund ein Dutzend interessierte Standorte gingen dagegen leer aus, obwohl sie gerne mitgemacht h\u00e4tten. \u201eUnsere Kinder bereiten sich seit neun Monaten auf den Wettbewerb vor, haben sogar einmal pro Woche nachmittags an einem zus\u00e4tzlichen Training teilgenommen\u201c, sagt Daniel Wagner, dessen Sohn die Carl-Sonnenschein-Schule in D\u00fcsseltal besucht. Entsprechend gro\u00df sei die Entt\u00e4uschung der Jungs gewesen, als sie vor wenigen Tagen von einem Lehrer erfahren h\u00e4tten, dass ihre Schule in diesem Jahr nicht am Pokal teilnehmen kann.<\/p>\n","protected":false},"excerpt":{"rendered":"F\u00fcr kickende Viertkl\u00e4ssler ist er ein gro\u00dfes Ding, jetzt sorgt der Wettbewerb um den diesj\u00e4hrigen Jan-Wellem-Fu\u00dfballpokal der D\u00fcsseldorfer&hellip;\n","protected":false},"author":2,"featured_media":93326,"comment_status":"","ping_status":"","sticky":false,"template":"","format":"standard","meta":{"footnotes":""},"categories":[1831],"tags":[3364,29,3405,30,7006,7013,38142,1209,12293],"class_list":{"0":"post-93325","1":"post","2":"type-post","3":"status-publish","4":"format-standard","5":"has-post-thumbnail","7":"category-duesseldorf","8":"tag-de","9":"tag-deutschland","10":"tag-duesseldorf","11":"tag-germany","12":"tag-janssen","13":"tag-joerg","14":"tag-kickende","15":"tag-nordrhein-westfalen","16":"tag-viertklaessler"},"share_on_mastodon":{"url":"https:\/\/pubeurope.com\/@de\/114470234880478920","error":""},"_links":{"self":[{"href":"https:\/\/www.europesays.com\/de\/wp-json\/wp\/v2\/posts\/93325","targetHints":{"allow":["GET"]}}],"collection":[{"href":"https:\/\/www.europesays.com\/de\/wp-json\/wp\/v2\/posts"}],"about":[{"href":"https:\/\/www.europesays.com\/de\/wp-json\/wp\/v2\/types\/post"}],"author":[{"embeddable":true,"href":"https:\/\/www.europesays.com\/de\/wp-json\/wp\/v2\/users\/2"}],"replies":[{"embeddable":true,"href":"https:\/\/www.europesays.com\/de\/wp-json\/wp\/v2\/comments?post=93325"}],"version-history":[{"count":0,"href":"https:\/\/www.europesays.com\/de\/wp-json\/wp\/v2\/posts\/93325\/revisions"}],"wp:featuredmedia":[{"embeddable":true,"href":"https:\/\/www.europesays.com\/de\/wp-json\/wp\/v2\/media\/93326"}],"wp:attachment":[{"href":"https:\/\/www.europesays.com\/de\/wp-json\/wp\/v2\/media?parent=93325"}],"wp:term":[{"taxonomy":"category","embeddable":true,"href":"https:\/\/www.europesays.com\/de\/wp-json\/wp\/v2\/categories?post=93325"},{"taxonomy":"post_tag","embeddable":true,"href":"https:\/\/www.europesays.com\/de\/wp-json\/wp\/v2\/tags?post=93325"}],"curies":[{"name":"wp","href":"https:\/\/api.w.org\/{rel}","templated":true}]}}