{"id":933401,"date":"2026-04-09T18:55:19","date_gmt":"2026-04-09T18:55:19","guid":{"rendered":"https:\/\/www.europesays.com\/de\/933401\/"},"modified":"2026-04-09T18:55:19","modified_gmt":"2026-04-09T18:55:19","slug":"lipowitz-greift-seixas-auf-der-4-etappe-der-baskenland-rundfahrt-an","status":"publish","type":"post","link":"https:\/\/www.europesays.com\/de\/933401\/","title":{"rendered":"Lipowitz greift Seixas auf der 4. Etappe der Baskenland-Rundfahrt an"},"content":{"rendered":"<p>            <img loading=\"lazy\" decoding=\"async\" class=\"ts-image\" src=\"https:\/\/www.europesays.com\/de\/wp-content\/uploads\/2026\/04\/baskenland-108.jpg\" alt=\"Maximilian Schachmann \" title=\"Maximilian Schachmann  | picture alliance \/ Roth \/ SCA\"\/><\/p>\n<p class=\"metatextline\">Stand: 09.04.2026 \u2022 18:46 Uhr<\/p>\n<p class=\"article-head__shorttext\">\n        <strong>Trotz einiger Attacken ist der R\u00fcckstand von Florian Lipowitz in der Gesamtwertung der Baskenland-Rundfahrt auf den \u00fcberlegenen F\u00fchrenden Paul Seixas weiter angewachsen. <\/strong>\n    <\/p>\n<p class=\"textabsatz m-ten m-offset-one l-eight l-offset-two columns twelve\">Der Tour-de-France-Dritte verlor in der Schlussphase der vierten Etappe am Donnerstag (09.04.2026) weitere 20 Sekunden auf das franz\u00f6sische Rad-Talent, bleibt aber Gesamtdritter. Die anspruchsvolle Etappe \u00fcber 167,2 Kilometer mit sieben Bergpr\u00fcfungen gewann der Spanier Alex Aranburu, der einer gro\u00dfen Ausrei\u00dfergruppe angeh\u00f6rte. Lipowitz hatte am vorletzten Anstieg mit einigen Angriffen den franz\u00f6sischen Youngster getestet, doch Seixas lie\u00df sich nicht absch\u00fctteln.<\/p>\n<ul class=\"buttongroup buttongroup--copytext\">\n<li class=\"buttongroup__item\">\n<p>    <a class=\"btn btn--text btn--standard-secondary btn--fullwidth\" href=\"https:\/\/www.sportschau.de\/live-und-ergebnisse\/radsport\/co678\/vuelta-ciclista-al-pais-vasco\/ma11702611\/ergebnisse\" rel=\"nofollow noopener\" target=\"_blank\"><br \/>\n        4. Etappe<\/p>\n<p>  Pfeil rechts<\/p>\n<p>    <\/a>\n<\/li>\n<li class=\"buttongroup__item\">\n<p>    <a class=\"btn btn--text btn--standard-secondary btn--fullwidth\" href=\"https:\/\/www.sportschau.de\/live-und-ergebnisse\/radsport\/co678\/vuelta-ciclista-al-pais-vasco\/wertungen-gesamt\" rel=\"nofollow noopener\" target=\"_blank\"><br \/>\n        Gesamtwertung<\/p>\n<p>  Pfeil rechts<\/p>\n<p>    <\/a>\n<\/li>\n<\/ul>\n<p>    Seixas f\u00e4hrt weitere 20 Sekunden heraus<\/p>\n<p class=\"textabsatz m-ten m-offset-one l-eight l-offset-two columns twelve\">Vielmehr konnte sich der 19-J\u00e4hrige sp\u00e4ter sogar von seinen Mitkonkurrenten absetzen. Lipowitz liegt in der Gesamtwertung nun 2:28 Minuten hinter Seixas, Zweiter ist sein Red-Bull-Teamkollege Primoz Roglic (2:19).<\/p>\n<p class=\"textabsatz m-ten m-offset-one l-eight l-offset-two columns twelve\">Seixas ist der gro\u00dfe Hoffnungstr\u00e4ger Frankreichs, in den kommenden Jahren bei der Tour endlich f\u00fcr den ersten Gesamtsieg eines einheimischen Fahrers nach \u00fcber 40 Jahren zu sorgen. Den bislang letzten franz\u00f6sischen Sieg hatte Bernard Hinault 1985 geschafft.<\/p>\n<p>    Noch zwei Etappen bis zum ersten Rundfahrtssieg<\/p>\n<p class=\"textabsatz m-ten m-offset-one l-eight l-offset-two columns twelve\">Seixas hatte im vergangenen Herbst bereits den dritten Platz bei der EM hinter Superstar Tadej Pogacar und Remco Evenepoel belegt. Bei der Baskenland-Rundfahrt gewann er die ersten beiden Etappen in \u00fcberlegener Manier. Ihm winkt nun der erste Rundfahrtsieg auf der WorldTour. Zwei Etappen sind bis zum Finale in Bergara noch zu absolvieren.<\/p>\n","protected":false},"excerpt":{"rendered":"Stand: 09.04.2026 \u2022 18:46 Uhr Trotz einiger Attacken ist der R\u00fcckstand von Florian Lipowitz in der Gesamtwertung der&hellip;\n","protected":false},"author":2,"featured_media":933402,"comment_status":"","ping_status":"","sticky":false,"template":"","format":"standard","meta":{"footnotes":"","_share_on_mastodon":"0"},"categories":[136],"tags":[10617,29,62631,30,9408,265],"class_list":["post-933401","post","type-post","status-publish","format-standard","has-post-thumbnail","category-sport","tag-baskenland-rundfahrt","tag-deutschland","tag-florian-lipowitz","tag-germany","tag-radsport","tag-sport"],"share_on_mastodon":{"url":"https:\/\/pubeurope.com\/@de\/116376274794168586","error":""},"_links":{"self":[{"href":"https:\/\/www.europesays.com\/de\/wp-json\/wp\/v2\/posts\/933401","targetHints":{"allow":["GET"]}}],"collection":[{"href":"https:\/\/www.europesays.com\/de\/wp-json\/wp\/v2\/posts"}],"about":[{"href":"https:\/\/www.europesays.com\/de\/wp-json\/wp\/v2\/types\/post"}],"author":[{"embeddable":true,"href":"https:\/\/www.europesays.com\/de\/wp-json\/wp\/v2\/users\/2"}],"replies":[{"embeddable":true,"href":"https:\/\/www.europesays.com\/de\/wp-json\/wp\/v2\/comments?post=933401"}],"version-history":[{"count":0,"href":"https:\/\/www.europesays.com\/de\/wp-json\/wp\/v2\/posts\/933401\/revisions"}],"wp:featuredmedia":[{"embeddable":true,"href":"https:\/\/www.europesays.com\/de\/wp-json\/wp\/v2\/media\/933402"}],"wp:attachment":[{"href":"https:\/\/www.europesays.com\/de\/wp-json\/wp\/v2\/media?parent=933401"}],"wp:term":[{"taxonomy":"category","embeddable":true,"href":"https:\/\/www.europesays.com\/de\/wp-json\/wp\/v2\/categories?post=933401"},{"taxonomy":"post_tag","embeddable":true,"href":"https:\/\/www.europesays.com\/de\/wp-json\/wp\/v2\/tags?post=933401"}],"curies":[{"name":"wp","href":"https:\/\/api.w.org\/{rel}","templated":true}]}}