{"id":933633,"date":"2026-04-09T21:08:18","date_gmt":"2026-04-09T21:08:18","guid":{"rendered":"https:\/\/www.europesays.com\/de\/933633\/"},"modified":"2026-04-09T21:08:18","modified_gmt":"2026-04-09T21:08:18","slug":"mobilitaetstraining-fuer-senioren-am-bahnhof-coswig","status":"publish","type":"post","link":"https:\/\/www.europesays.com\/de\/933633\/","title":{"rendered":"Mobilit\u00e4tstraining f\u00fcr Senioren am Bahnhof Coswig"},"content":{"rendered":"<p>Der Landkreis Mei\u00dfen bietet am 23. April am Bahnhof Coswig ein kostenfreies Mobilit\u00e4tstraining f\u00fcr Senioren mit Hilfsmitteln an.<\/p>\n<p>Der Landkreis Mei\u00dfen l\u00e4dt Seniorinnen und Senioren in Coswig zu einem kostenfreien Mobilit\u00e4tstraining ein.\u00a0Das Angebot richtet sich insbesondere an Menschen mit eingeschr\u00e4nkter Mobilit\u00e4t. Angesprochen sind unter anderem Personen, die mit Rollator, Rollstuhl, Blindenstock oder anderen Hilfsmitteln unterwegs sind. Ziel des Trainings ist es, die Sicherheit bei der Nutzung von Bus und Bahn zu erh\u00f6hen und Hemmschwellen im Alltag abzubauen. Das teilte das Landratsamt mit.<\/p>\n<p>Im Mittelpunkt stehen praktische \u00dcbungen unter Anleitung. Teilnehmende k\u00f6nnen das richtige Verhalten beim Ein- und Aussteigen trainieren und lernen, worauf w\u00e4hrend der Fahrt zu achten ist. Damit soll der Umgang mit \u00f6ffentlichen Verkehrsmitteln erleichtert und die eigenst\u00e4ndige Mobilit\u00e4t gest\u00e4rkt werden.<\/p>\n<p>Das Mobilit\u00e4tstraining ist als praxisnahes Format angelegt, bei dem Fragen direkt vor Ort gekl\u00e4rt werden k\u00f6nnen. Die Verantwortlichen setzen darauf, dass wiederholtes \u00dcben und konkrete Hinweise mehr Routine im \u00d6PNV schaffen \u2013 gerade in Situationen, die mit Hilfsmitteln herausfordernd sein k\u00f6nnen.<\/p>\n","protected":false},"excerpt":{"rendered":"Der Landkreis Mei\u00dfen bietet am 23. April am Bahnhof Coswig ein kostenfreies Mobilit\u00e4tstraining f\u00fcr Senioren mit Hilfsmitteln an.&hellip;\n","protected":false},"author":2,"featured_media":933634,"comment_status":"","ping_status":"","sticky":false,"template":"","format":"standard","meta":{"footnotes":"","_share_on_mastodon":"0"},"categories":[1835],"tags":[21005,2037,15611,3364,29,2386,30,203939,859,6583],"class_list":["post-933633","post","type-post","status-publish","format-standard","has-post-thumbnail","category-dresden","tag-pnv","tag-bahnhof","tag-coswig","tag-de","tag-deutschland","tag-dresden","tag-germany","tag-mobilittstraining","tag-sachsen","tag-senioren"],"share_on_mastodon":{"url":"https:\/\/pubeurope.com\/@de\/116376797542684728","error":""},"_links":{"self":[{"href":"https:\/\/www.europesays.com\/de\/wp-json\/wp\/v2\/posts\/933633","targetHints":{"allow":["GET"]}}],"collection":[{"href":"https:\/\/www.europesays.com\/de\/wp-json\/wp\/v2\/posts"}],"about":[{"href":"https:\/\/www.europesays.com\/de\/wp-json\/wp\/v2\/types\/post"}],"author":[{"embeddable":true,"href":"https:\/\/www.europesays.com\/de\/wp-json\/wp\/v2\/users\/2"}],"replies":[{"embeddable":true,"href":"https:\/\/www.europesays.com\/de\/wp-json\/wp\/v2\/comments?post=933633"}],"version-history":[{"count":0,"href":"https:\/\/www.europesays.com\/de\/wp-json\/wp\/v2\/posts\/933633\/revisions"}],"wp:featuredmedia":[{"embeddable":true,"href":"https:\/\/www.europesays.com\/de\/wp-json\/wp\/v2\/media\/933634"}],"wp:attachment":[{"href":"https:\/\/www.europesays.com\/de\/wp-json\/wp\/v2\/media?parent=933633"}],"wp:term":[{"taxonomy":"category","embeddable":true,"href":"https:\/\/www.europesays.com\/de\/wp-json\/wp\/v2\/categories?post=933633"},{"taxonomy":"post_tag","embeddable":true,"href":"https:\/\/www.europesays.com\/de\/wp-json\/wp\/v2\/tags?post=933633"}],"curies":[{"name":"wp","href":"https:\/\/api.w.org\/{rel}","templated":true}]}}