{"id":933991,"date":"2026-04-10T00:26:19","date_gmt":"2026-04-10T00:26:19","guid":{"rendered":"https:\/\/www.europesays.com\/de\/933991\/"},"modified":"2026-04-10T00:26:19","modified_gmt":"2026-04-10T00:26:19","slug":"esvk-entbindet-patrick-reimer-vom-amt-des-sportchefs-heinrizi-beraet-den-ec-bad-nauheim","status":"publish","type":"post","link":"https:\/\/www.europesays.com\/de\/933991\/","title":{"rendered":"ESVK entbindet Patrick Reimer vom Amt des Sportchefs, Heinrizi ber\u00e4t den EC Bad Nauheim"},"content":{"rendered":"<p> <img loading=\"lazy\" decoding=\"async\" src=\"https:\/\/www.europesays.com\/de\/wp-content\/uploads\/2026\/04\/1775780779_346_tall.jpg\" width=\"640\" height=\"427\" border=\"0\" alt=\"\"\/>  <\/p>\n<p>Patrick Reimer muss nach einer Saison als Sportchef des ESV Kaufbeuren schon wieder gehen.<br \/>Foto: City-Press<\/p>\n<p><b>Update (15.55 Uhr):<\/b> Der <b>EC Bad Nauheim<\/b> hat <b>Daniel\u00a0Heinrizi <\/b>als externen Sportlichen Berater vorgestellt. Der DEL- und DEL2-erfahrene Manager soll den DEL2-Club zusammen mit Trainer Kevin Gaudet in Sachen Saisonplanung voranbringen. Die Roten Teufel best\u00e4tigten damit einen Bericht von Eishockey NEWS aus der Ausgabe vom 24. M\u00e4rz 2026.<\/p>\n<p><b>Patrick Reimer<\/b> ist nicht mehr Sportchef des <b>ESV Kaufbeuren<\/b>. Die DEL-St\u00fcrmerlegende, die vor dieser Saison ins Amt kam, ist die Funktion mit sofortiger Wirkung los. Das teilte der DEL2-Club am Donnerstagnachmittag mit. Kaufbeuren hat den Klassenerhalt in der DEL2 verpasst.\u00a0ESVK-Gesch\u00e4ftsf\u00fchrer Tobias Peukert meint zur Entscheidung des Clubs: \u201eDer ESVK braucht nach dem Abstieg aus der DEL2 aus sportlicher Sicht einen kompletten Neustart.\u201c Man habe sich als Club\u00a0\u201eaus sportlicher Sicht nach mehreren Gespr\u00e4chen und der Analyse der abgelaufenen Saison gezwungen\u201c gesehen.<\/p>\n<p>Viele der Transfers des ESVK vor der abgelaufenen Saison gingen nicht auf, dazu kam bei den Allg\u00e4uern enormes Verletzungspech. Auch zwei Trainerwechsel und Nachverpflichtungen im Spielersektor brachten den Traditionsclub nicht in die Spur. Nun sollen k\u00fcnftig wieder der Cheftrainer und der Gesch\u00e4ftsf\u00fchrer vorerst die Aufgaben des Sportlichen Leiters \u00fcbernehmen. Der neue Cheftrainer werde demn\u00e4chst vorgestellt, hei\u00dft es in der Meldung des ESVK.<\/p>\n","protected":false},"excerpt":{"rendered":"Patrick Reimer muss nach einer Saison als Sportchef des ESV Kaufbeuren schon wieder gehen.Foto: City-Press Update (15.55 Uhr):&hellip;\n","protected":false},"author":2,"featured_media":933992,"comment_status":"","ping_status":"","sticky":false,"template":"","format":"standard","meta":{"footnotes":"","_share_on_mastodon":"0"},"categories":[136],"tags":[9488,29,156321,28916,30,12006,8772,265],"class_list":["post-933991","post","type-post","status-publish","format-standard","has-post-thumbnail","category-sport","tag-del2","tag-deutschland","tag-ec-bad-nauheim","tag-esv-kaufbeuren","tag-germany","tag-oberliga","tag-oberliga-sued","tag-sport"],"share_on_mastodon":{"url":"https:\/\/pubeurope.com\/@de\/116377576183375926","error":""},"_links":{"self":[{"href":"https:\/\/www.europesays.com\/de\/wp-json\/wp\/v2\/posts\/933991","targetHints":{"allow":["GET"]}}],"collection":[{"href":"https:\/\/www.europesays.com\/de\/wp-json\/wp\/v2\/posts"}],"about":[{"href":"https:\/\/www.europesays.com\/de\/wp-json\/wp\/v2\/types\/post"}],"author":[{"embeddable":true,"href":"https:\/\/www.europesays.com\/de\/wp-json\/wp\/v2\/users\/2"}],"replies":[{"embeddable":true,"href":"https:\/\/www.europesays.com\/de\/wp-json\/wp\/v2\/comments?post=933991"}],"version-history":[{"count":0,"href":"https:\/\/www.europesays.com\/de\/wp-json\/wp\/v2\/posts\/933991\/revisions"}],"wp:featuredmedia":[{"embeddable":true,"href":"https:\/\/www.europesays.com\/de\/wp-json\/wp\/v2\/media\/933992"}],"wp:attachment":[{"href":"https:\/\/www.europesays.com\/de\/wp-json\/wp\/v2\/media?parent=933991"}],"wp:term":[{"taxonomy":"category","embeddable":true,"href":"https:\/\/www.europesays.com\/de\/wp-json\/wp\/v2\/categories?post=933991"},{"taxonomy":"post_tag","embeddable":true,"href":"https:\/\/www.europesays.com\/de\/wp-json\/wp\/v2\/tags?post=933991"}],"curies":[{"name":"wp","href":"https:\/\/api.w.org\/{rel}","templated":true}]}}