{"id":934118,"date":"2026-04-10T01:36:16","date_gmt":"2026-04-10T01:36:16","guid":{"rendered":"https:\/\/www.europesays.com\/de\/934118\/"},"modified":"2026-04-10T01:36:16","modified_gmt":"2026-04-10T01:36:16","slug":"cdu-standorte-auf-google-maps-in-eierhaus-umbenannt","status":"publish","type":"post","link":"https:\/\/www.europesays.com\/de\/934118\/","title":{"rendered":"CDU-Standorte auf Google Maps in &#8222;Eierhaus&#8220; umbenannt"},"content":{"rendered":"<p>Urheber und Hintergr\u00fcnde der Aktion sind offen. Vermutet wird ein Zusammenhang mit Protesten junger Leute gegen die Wehrpflicht. Bei einer Sch\u00fcler-Demonstration gegen die Wehrpflicht Anfang M\u00e4rz in Berlin hatte eine 18-J\u00e4hriger ein Plakat mit der Aufschrift: &#8222;Merz leck Eier&#8220; getragen. Die Polizei teilte anschlie\u00dfend mit, dass sie gegen den jungen Mann wegen Verdachts der Verleumdung von Bundeskanzler und CDU-Chef Friedrich Merz ermittelt.<\/p>\n<p>Die Berliner CDU \u00e4u\u00dferte sich zun\u00e4chst nicht zu der &#8222;Eier-Aktion&#8220;. Google erkl\u00e4rte auf DPA-Anfrage, man sei bem\u00fcht, Google Maps so aktuell wie m\u00f6glich zu halten und Nutzerinnen und Nutzern korrekte Informationen anzuzeigen. Fehlerhafte Informationen k\u00f6nnten mit Hilfe des Feedback-Buttons gemeldet werden.<\/p>\n<p>Brandenburgs CDU-Generalsekret\u00e4r Julian Br\u00fcning sagte, man nehme es gelassen: &#8222;Ein digitaler Scherz ist schnell gemacht &#8211; f\u00fcr die echten Herausforderungen in Brandenburg braucht es etwas mehr Substanz.&#8220;<\/p>\n","protected":false},"excerpt":{"rendered":"Urheber und Hintergr\u00fcnde der Aktion sind offen. Vermutet wird ein Zusammenhang mit Protesten junger Leute gegen die Wehrpflicht.&hellip;\n","protected":false},"author":2,"featured_media":934119,"comment_status":"","ping_status":"","sticky":false,"template":"","format":"standard","meta":{"footnotes":"","_share_on_mastodon":"0"},"categories":[1816],"tags":[1960,1958,1959,1957,296,1956,1890,8432,29,30,7610,6190,152486],"class_list":["post-934118","post","type-post","status-publish","format-standard","has-post-thumbnail","category-brandenburg","tag-aktuelle-nachrichten-aus-berlin-und-brandenburg","tag-aktuelle-nachrichten-aus-brandenburg","tag-aktuelle-news-aus-berlin-und-brandenburg","tag-aktuelle-news-aus-brandenburg","tag-berlin","tag-berlin-und-brandenburg","tag-brandenburg","tag-cottbus","tag-deutschland","tag-germany","tag-potsdam","tag-regionen","tag-regionen-brdbg"],"share_on_mastodon":{"url":"https:\/\/pubeurope.com\/@de\/116377851519630636","error":""},"_links":{"self":[{"href":"https:\/\/www.europesays.com\/de\/wp-json\/wp\/v2\/posts\/934118","targetHints":{"allow":["GET"]}}],"collection":[{"href":"https:\/\/www.europesays.com\/de\/wp-json\/wp\/v2\/posts"}],"about":[{"href":"https:\/\/www.europesays.com\/de\/wp-json\/wp\/v2\/types\/post"}],"author":[{"embeddable":true,"href":"https:\/\/www.europesays.com\/de\/wp-json\/wp\/v2\/users\/2"}],"replies":[{"embeddable":true,"href":"https:\/\/www.europesays.com\/de\/wp-json\/wp\/v2\/comments?post=934118"}],"version-history":[{"count":0,"href":"https:\/\/www.europesays.com\/de\/wp-json\/wp\/v2\/posts\/934118\/revisions"}],"wp:featuredmedia":[{"embeddable":true,"href":"https:\/\/www.europesays.com\/de\/wp-json\/wp\/v2\/media\/934119"}],"wp:attachment":[{"href":"https:\/\/www.europesays.com\/de\/wp-json\/wp\/v2\/media?parent=934118"}],"wp:term":[{"taxonomy":"category","embeddable":true,"href":"https:\/\/www.europesays.com\/de\/wp-json\/wp\/v2\/categories?post=934118"},{"taxonomy":"post_tag","embeddable":true,"href":"https:\/\/www.europesays.com\/de\/wp-json\/wp\/v2\/tags?post=934118"}],"curies":[{"name":"wp","href":"https:\/\/api.w.org\/{rel}","templated":true}]}}