{"id":934423,"date":"2026-04-10T04:39:16","date_gmt":"2026-04-10T04:39:16","guid":{"rendered":"https:\/\/www.europesays.com\/de\/934423\/"},"modified":"2026-04-10T04:39:16","modified_gmt":"2026-04-10T04:39:16","slug":"polizei-grosseinsatz-in-viersen-haeftling-19-aus-psychiatrie-geflohen-regional","status":"publish","type":"post","link":"https:\/\/www.europesays.com\/de\/934423\/","title":{"rendered":"Polizei-Gro\u00dfeinsatz in Viersen: H\u00e4ftling (19) aus Psychiatrie geflohen | Regional"},"content":{"rendered":"<p><a class=\"skip-content skip-content--link\" href=\"#in-content-skip-link-target-v-0-0\">TTS-Player \u00fcberspringen\u21b5<\/a><a id=\"in-content-skip-link-target-v-0-0\" class=\"skip-content--target-link-hidden skip-content skip-content--target-link\" href=\"#in-content-skip-link-target-v-0-0\">Artikel weiterlesen<\/a><\/p>\n<p>Viersen (NRW) \u2013 <b>Ein entwichener Strafgefangener sorgt aktuell in Viersen f\u00fcr einen Gro\u00dfeinsatz der Polizei. Seit etwa 17 Uhr wird nach dem Mann gefahndet. Er ist w\u00e4hrend eines begleiteten Ausgangs im Bereich der LVR-Klinik Viersen-S\u00fcchteln gefl\u00fcchtet. Die Polizei warnt eindringlich vor ihm. Einen Namen nannte sie nicht.<\/b><\/p>\n<p>Polizei warnt vor gewaltt\u00e4tigem Fl\u00fcchtigen<\/p>\n<p>Die Beamten stufen den 19-J\u00e4hrigen als gef\u00e4hrlich ein. Laut Polizei gilt der Mann als gewaltt\u00e4tig und k\u00f6nnte bewaffnet sein. Die Bev\u00f6lkerung in Viersen (<a href=\"https:\/\/www.bild.de\/regional\/nordrhein-westfalen\/home-npIP0qL0giWP1ZFIOHn2\" class=\"text-link\" rel=\"nofollow noopener\" target=\"_blank\">Nordrhein-Westfalen<\/a>) wird deshalb zur besonderen Vorsicht aufgerufen.<\/p>\n<p><img decoding=\"async\" width=\"992\" height=\"558\" alt=\"Das Klinikgel\u00e4nde der LVR Klinik\" src=\"https:\/\/www.europesays.com\/de\/wp-content\/uploads\/2026\/04\/de01d17ff3d10f6f2ac6f5cfd994950f,c07140fb.jpeg\"   class=\"landscape\" loading=\"lazy\"\/><\/p>\n<p class=\"fig__caption__text\">Das Klinikgel\u00e4nde der LVR-Klinik<\/p>\n<p>Foto: picture alliance\/ZB\/euroluftbild.de<\/p>\n<p><b>Die Beschreibung des Gesuchten:<\/b> etwa 180 Zentimeter gro\u00df, kurze dunkle Haare, ein kleiner Oberlippenbart und eine kr\u00e4ftige Statur. Zum Zeitpunkt seiner Flucht trug er einen schwarzen Pullover, eine dunkle Jeans und dunkle Turnschuhe. Au\u00dferdem hat er eine Umh\u00e4ngetasche bei sich.<\/p>\n<p>Gro\u00dfeinsatz rund um die LVR-Klinik Viersen-S\u00fcchteln<\/p>\n<p>Die <a href=\"https:\/\/www.bild.de\/regional\/aktuelles\/polizei\/polizeieinsatz-alle-infos-76681760.bild.html\" class=\"text-link\" rel=\"nofollow noopener\" target=\"_blank\">Polizei<\/a> hat umgehend umfangreiche Fahndungsma\u00dfnahmen eingeleitet. Auch ein Polizeihubschrauber ist im Einsatz und unterst\u00fctzt die Suche aus der Luft. <\/p>\n<p>Die Beh\u00f6rden appellieren eindringlich an die Bev\u00f6lkerung: \u201eBitte sprechen Sie die Person nicht an und bringen Sie sich nicht in Gefahr!\u201c<\/p>\n<p>Polizei bittet um Hinweise unter Notruf 110<\/p>\n<p>Wer den beschriebenen Mann sieht oder Hinweise zu seinem Aufenthaltsort geben kann, soll umgehend den Notruf w\u00e4hlen. Die Polizei bittet darum, jede Beobachtung sofort unter der 110 zu melden. Die Fahndung nach dem fl\u00fcchtigen Mann l\u00e4uft weiterhin auf Hochtouren.<\/p>\n","protected":false},"excerpt":{"rendered":"TTS-Player \u00fcberspringen\u21b5Artikel weiterlesen Viersen (NRW) \u2013 Ein entwichener Strafgefangener sorgt aktuell in Viersen f\u00fcr einen Gro\u00dfeinsatz der Polizei.&hellip;\n","protected":false},"author":2,"featured_media":934424,"comment_status":"","ping_status":"","sticky":false,"template":"","format":"standard","meta":{"footnotes":"","_share_on_mastodon":"0"},"categories":[2],"tags":[29,122,30,5760,13,14,15,121,11202,12,138370,45,10,8,9,11,18183],"class_list":["post-934423","post","type-post","status-publish","format-standard","has-post-thumbnail","category-deutschland","tag-deutschland","tag-fahndungen","tag-germany","tag-haeftling","tag-headlines","tag-nachrichten","tag-news","tag-polizei","tag-psychiatrie","tag-schlagzeilen","tag-team-first","tag-texttospeech","tag-top-news","tag-top-meldungen","tag-topmeldungen","tag-topnews","tag-viersen"],"share_on_mastodon":{"url":"https:\/\/pubeurope.com\/@de\/116378571174743058","error":""},"_links":{"self":[{"href":"https:\/\/www.europesays.com\/de\/wp-json\/wp\/v2\/posts\/934423","targetHints":{"allow":["GET"]}}],"collection":[{"href":"https:\/\/www.europesays.com\/de\/wp-json\/wp\/v2\/posts"}],"about":[{"href":"https:\/\/www.europesays.com\/de\/wp-json\/wp\/v2\/types\/post"}],"author":[{"embeddable":true,"href":"https:\/\/www.europesays.com\/de\/wp-json\/wp\/v2\/users\/2"}],"replies":[{"embeddable":true,"href":"https:\/\/www.europesays.com\/de\/wp-json\/wp\/v2\/comments?post=934423"}],"version-history":[{"count":0,"href":"https:\/\/www.europesays.com\/de\/wp-json\/wp\/v2\/posts\/934423\/revisions"}],"wp:featuredmedia":[{"embeddable":true,"href":"https:\/\/www.europesays.com\/de\/wp-json\/wp\/v2\/media\/934424"}],"wp:attachment":[{"href":"https:\/\/www.europesays.com\/de\/wp-json\/wp\/v2\/media?parent=934423"}],"wp:term":[{"taxonomy":"category","embeddable":true,"href":"https:\/\/www.europesays.com\/de\/wp-json\/wp\/v2\/categories?post=934423"},{"taxonomy":"post_tag","embeddable":true,"href":"https:\/\/www.europesays.com\/de\/wp-json\/wp\/v2\/tags?post=934423"}],"curies":[{"name":"wp","href":"https:\/\/api.w.org\/{rel}","templated":true}]}}