{"id":934477,"date":"2026-04-10T05:10:13","date_gmt":"2026-04-10T05:10:13","guid":{"rendered":"https:\/\/www.europesays.com\/de\/934477\/"},"modified":"2026-04-10T05:10:13","modified_gmt":"2026-04-10T05:10:13","slug":"wann-ist-der-termin-und-welche-bundeslaender-machen-mit","status":"publish","type":"post","link":"https:\/\/www.europesays.com\/de\/934477\/","title":{"rendered":"Wann ist der Termin und welche Bundesl\u00e4nder machen mit?"},"content":{"rendered":"<p class=\"mb-6 text-xs md:text-m lg:text-l font-serif group-[.font-sans]:font-sans \">\n    2026 hei\u00dft es f\u00fcr Autofahrerinnen und Autofahrer erneut: Fu\u00df vom Gas \u2013 <a href=\"https:\/\/www.ka-news.de\/karlsruhe\/verkehr\/karlsruhe-ist-blitzer-spitzenreiter-in-diesen-staedten-zahlen-autofahrer-am-meisten-22-9-25-110757069\" target=\"_self\" class=\"underline \" rel=\"nofollow noopener\">sonst wird\u2019s teuer<\/a>. Denn auch in diesem Jahr startet der europaweite <a href=\"https:\/\/www.ka-news.de\/veranstaltungen\/aa-blitzermarathon\" target=\"_self\" class=\"underline \" rel=\"nofollow noopener\">Blitzermarathon<\/a> mit verst\u00e4rkten Tempokontrollen auf deutschen Stra\u00dfen. Schon 2025 hat der Blitzermarathon zahlreiche Verkehrsteilnehmende erwischt: Allein in <a href=\"https:\/\/www.ka-news.de\/auto\/blitzermarathon-in-baden-wuerttemberg-2025-heute-sind-die-messstellen-bekannt-5-8-2025-105469051\" target=\"_self\" class=\"underline \" rel=\"nofollow noopener\">Baden-W\u00fcrttemberg wurden 15.317 Geschwindigkeitsverst\u00f6\u00dfe registriert<\/a>. Wer 2026 nicht geblitzt werden m\u00f6chte, sollte den Termin rot im Kalender markieren. Doch wann genau muss man mit verst\u00e4rkten Radarkontrollen rechnen \u2013 und welche Bundesl\u00e4nder sind betroffen.\n  <\/p>\n<p>            Blitzermarathon 2026: Wann wird geblitzt?<\/p>\n<p class=\"mb-6 text-xs md:text-m lg:text-l font-serif group-[.font-sans]:font-sans \">\n    Auch in diesem Jahr m\u00fcssen sich <a href=\"https:\/\/www.ka-news.de\/auto\/fahrverbot-eu-weiter-fuehrerscheinentzug-das-koennte-auf-deutsche-autofahrer-zukommen-10-2-26-102571221\" target=\"_self\" class=\"underline \" rel=\"nofollow noopener\">Autofahrerinnen und Autofahrer in Deutschland<\/a> auf verst\u00e4rkte Tempokontrollen einstellen \u2013 und das gleich mehrfach im Jahr. Hinter der Aktion steht das europ\u00e4ische Verkehrspolizei-Netzwerk Roadpol, dem nach <a href=\"https:\/\/roadpol.eu\/?page_id=20\" rel=\"nofollow noopener\" target=\"_blank\" class=\"underline \">eigenen Angaben<\/a> 31 L\u00e4nder angeh\u00f6ren. Ziel des Netzwerks ist es, die Verkehrssicherheit zu erh\u00f6hen und die <a href=\"https:\/\/www.ka-news.de\/deutschland-welt\/strassenverkehr-gefaehrlichste-strassen-in-baden-wuerttemberg-5-1-24-102570298\" target=\"_self\" class=\"underline \" rel=\"nofollow noopener\">Zahl von Unf\u00e4llen zu senken<\/a>. Daf\u00fcr organisiert Roadpol jedes Jahr mehrere europaweite Kontrollaktionen. Neben Tempoverst\u00f6\u00dfen stehen auf ihrem diesj\u00e4hrigen <a href=\"https:\/\/roadpol.eu\/?p=2093\" rel=\"nofollow noopener\" target=\"_blank\" class=\"underline \">Plan<\/a> auch Alkohol am Steuer, Drogen und das Anlegen des Sicherheitsgurts im Fokus.\n  <\/p>\n<p class=\"mb-6 text-xs md:text-m lg:text-l font-serif group-[.font-sans]:font-sans \">\n    Besonders intensiv wird die Geschwindigkeit im Fr\u00fchjahr 2026 kontrolliert. In der Woche vom 13. bis 19. April sind verst\u00e4rkt <a href=\"https:\/\/www.ka-news.de\/auto\/blitzer-in-deutschland-blitzt-ab-0-km-h-was-hat-es-damit-auf-sich-30-12-25-113033116\" target=\"_self\" class=\"underline \" rel=\"nofollow noopener\">Blitzer im Einsatz<\/a>. Der H\u00f6hepunkt der Aktion folgt zur Wochenmitte: am <strong class=\"font-bold\">Mittwoch, dem 15. April 2026,<\/strong> findet vielerorts ein 24-st\u00fcndiger Blitzermarathon statt.\n  <\/p>\n<p class=\"mb-6 text-xs md:text-m lg:text-l font-serif group-[.font-sans]:font-sans \">\n    Im Sommer ist eine weitere Kontrollwoche geplant: Die zweite Aktionswoche l\u00e4uft laut Roadpol vom 3. bis 9. August 2026. Anders als im Fr\u00fchjahr gibt es im Sommer jedoch keinen 24-Stunden-Blitzertag. Stattdessen werden die Kontrollen laut dem <a href=\"https:\/\/www.adac.de\/news\/verkehr-blitzermarathon-2026\/\" rel=\"nofollow noopener\" target=\"_blank\" class=\"underline \">ADAC<\/a> gleichm\u00e4\u00dfig \u00fcber die Woche verteilt. Zudem beteiligen sich im Sommer in der Regel weniger Bundesl\u00e4nder an der Aktion.\n  <\/p>\n<p>            Blitzermarathon in Deutschland: Welche Bundesl\u00e4nder machen 2026 mit?<\/p>\n<p class=\"mb-6 text-xs md:text-m lg:text-l font-serif group-[.font-sans]:font-sans \">\n    Ob ein <a href=\"https:\/\/www.ka-news.de\/karlsruhe\/verkehr\/blitzmarathon-in-karlsruhe-2026-hier-sollten-autofahrer-aufpassen-9-4-26-113769417\" target=\"_self\" class=\"underline \" rel=\"nofollow noopener\">Bundesland beim Blitzermarathon mitmacht<\/a>, entscheidet jedes Land selbst. Laut dem ADAC f\u00e4llt die Teilnahme im Fr\u00fchjahr in der Regel deutlich h\u00f6her aus als im Sommer. Oft konzentriert sich die Aktion zudem nur auf den Haupttag und nicht auf die gesamte Woche. Gr\u00fcnde daf\u00fcr sind neben begrenzten personellen Kapazit\u00e4ten auch unterschiedliche Einsch\u00e4tzungen zum Nutzen der gro\u00dfangelegten Tempokontrollen.\n  <\/p>\n<p class=\"mb-6 text-xs md:text-m lg:text-l font-serif group-[.font-sans]:font-sans \">\n    2026 nehmen zahlreiche Bundesl\u00e4nder am Blitzermarathon teil. Autofahrerinnen und Autofahrer sollten dem ADAC zufolge in folgenden Regionen besonders auf ihr Tempo achten (Stand M\u00e4rz 2026):\n  <\/p>\n<ul rel=\"\" class=\"[&amp;&gt;li]:relative list-none  [&amp;&gt;li]:pl-[1.2em] [&amp;&gt;li]:marker:text-[0] [&amp;&gt;li]:relative [&amp;&gt;li]:before:absolute [&amp;&gt;li]:before:w-3 [&amp;&gt;li]:before:h-3 [&amp;&gt;li]:before:bg-brand [&amp;&gt;li]:before:left-0 [&amp;&gt;li]:before:top-[8px] [&amp;&gt;li]:before:rounded-full  my-5\">\n<li class=\" mb-3 text-xs md:text-m lg:text-l\">Baden-W\u00fcrttemberg:\u00a0Blitzermarathon am 15. April 2026<\/li>\n<li class=\" mb-3 text-xs md:text-m lg:text-l\">Bayern:\u00a0Blitzermarathon am 15. April 2026<\/li>\n<li class=\" mb-3 text-xs md:text-m lg:text-l\">Berlin:\u00a0Speedweek vom 13. bis 19. April 2026<\/li>\n<li class=\" mb-3 text-xs md:text-m lg:text-l\">Brandenburg:\u00a0Blitzermarathon am 15. April 2026<\/li>\n<li class=\" mb-3 text-xs md:text-m lg:text-l\">Bremen:\u00a0Speedweek vom 13. bis 19. April 2026<\/li>\n<li class=\" mb-3 text-xs md:text-m lg:text-l\">Hamburg:\u00a0Speedweek vom 13. bis 19. April 2026 sowie ein Schwerpunkttag (Datum steht bislang nicht fest)<\/li>\n<li class=\" mb-3 text-xs md:text-m lg:text-l\">Hessen:\u00a0Speedweek vom 13. bis 19. April 2026 sowie Blitzermarathon am 15. April 2026<\/li>\n<li class=\" mb-3 text-xs md:text-m lg:text-l\">Mecklenburg-Vorpommern:\u00a0Speedweek vom 13. bis 19. April 2026 sowie Blitzermarathon am 15. April 2026<\/li>\n<li class=\" mb-3 text-xs md:text-m lg:text-l\">Niedersachsen:\u00a0Speedweek vom 13. bis 19. April 2026<\/li>\n<li class=\" mb-3 text-xs md:text-m lg:text-l\">Nordrhein-Westfalen:\u00a0Speedweek vom 13. bis 19. April 2026<\/li>\n<li class=\" mb-3 text-xs md:text-m lg:text-l\">Rheinland-Pfalz:\u00a0Speedweek vom 13. bis 19. April 2026 sowie Blitzermarathon am 15. April 2026<\/li>\n<li class=\" mb-3 text-xs md:text-m lg:text-l\">Sachsen:\u00a0Speedweek vom 13. bis 19. April 2026<\/li>\n<li class=\" mb-3 text-xs md:text-m lg:text-l\">Sachsen-Anhalt:\u00a0Speedweek vom 13. bis 19. April 2026<\/li>\n<li class=\" mb-3 text-xs md:text-m lg:text-l\">Schleswig-Holstein:\u00a0Speedweek vom 13. bis 19. April 2026<\/li>\n<li class=\" mb-3 text-xs md:text-m lg:text-l\">Th\u00fcringen:\u00a0Speedweek vom 13. bis 19. April 2026<\/li>\n<\/ul>\n<p>            Messstellen beim Blitzermarathon 2026: Wo wird geblitzt?<\/p>\n<p class=\"mb-6 text-xs md:text-m lg:text-l font-serif group-[.font-sans]:font-sans \">\n    <a href=\"https:\/\/www.ka-news.de\/auto\/blitzer-apps-beim-autofahren-verboten-darf-polizei-handys-kontrollieren-sogar-abnehmen-7-4-26-113272866\" target=\"_self\" class=\"underline \" rel=\"nofollow noopener\">Wo genau die Blitzer beim Blitzermarathon stehen<\/a>, ist nicht \u00fcberall gleich transparent. Einige Bundesl\u00e4nder \u2013 wie Bayern \u2013 ver\u00f6ffentlichen im Vorfeld die konkreten Messstellen. So hatte das <a href=\"https:\/\/assets.adac.de\/image\/upload\/v1743758973\/ADAC-eV\/KOR\/Text\/PDF\/blitzermarathon_2025_bayern_vte6tv.pdf\" rel=\"nofollow noopener\" target=\"_blank\" class=\"underline \">Bayerische Staatsministerium des Innern<\/a> 2025 etwa bekannt gegeben, an welchen Stra\u00dfenabschnitten kontrolliert wird. In anderen Bundesl\u00e4ndern \u2013 wie Baden-W\u00fcrttemberg \u2013 bleiben die Messstellen hingegen geheim.\n  <\/p>\n<p class=\"mb-6 text-xs md:text-m lg:text-l font-serif group-[.font-sans]:font-sans \">\n    Ganz im Dunkeln tappen Verkehrsteilnehmer aber trotzdem nicht. Laut dem ADAC gibt es bestimmte Gebiete, wo besonders h\u00e4ufig kontrolliert wird. Vor allem dort, wo das <a href=\"https:\/\/www.ka-news.de\/auto\/hilfe-nach-autounfall-richtige-schritte-erklaert-15-7-25-102952110\" target=\"_self\" class=\"underline \" rel=\"nofollow noopener\">Unfallrisiko<\/a> hoch ist oder besonders schutzbed\u00fcrftige Menschen unterwegs sind, stehen die Chancen auf einen Blitzer h\u00f6her. Dazu z\u00e4hlen unter anderem:\n  <\/p>\n<ul rel=\"\" class=\"[&amp;&gt;li]:relative list-none  [&amp;&gt;li]:pl-[1.2em] [&amp;&gt;li]:marker:text-[0] [&amp;&gt;li]:relative [&amp;&gt;li]:before:absolute [&amp;&gt;li]:before:w-3 [&amp;&gt;li]:before:h-3 [&amp;&gt;li]:before:bg-brand [&amp;&gt;li]:before:left-0 [&amp;&gt;li]:before:top-[8px] [&amp;&gt;li]:before:rounded-full  my-5\">\n<li class=\" mb-3 text-xs md:text-m lg:text-l\">Stra\u00dfen in der N\u00e4he von Schulen und Kinderg\u00e4rten<\/li>\n<li class=\" mb-3 text-xs md:text-m lg:text-l\">Bereiche bei Alten- und Pflegeheimen<\/li>\n<li class=\" mb-3 text-xs md:text-m lg:text-l\">Gebiete in der N\u00e4he von Krankenh\u00e4usern und Baustellen<\/li>\n<\/ul>\n<p class=\"mb-6 text-xs md:text-m lg:text-l font-serif group-[.font-sans]:font-sans \">\n    Doch auch au\u00dferorts wird beim Blitzermarathon verst\u00e4rkt kontrolliert. Sowohl auf Autobahnen als auch auf Bundesstra\u00dfen m\u00fcssen Autofahrerinnen und Autofahrer mit vermehrten Tempomessungen rechnen.\n  <\/p>\n<p>            Blitzer-Bu\u00dfgeld: So hoch sind 2026 die Strafen<\/p>\n<p class=\"mb-6 text-xs md:text-m lg:text-l font-serif group-[.font-sans]:font-sans \">\n    Wie hoch das <a href=\"https:\/\/www.ka-news.de\/auto\/blitzer-einspruch-einlegen-wie-geht-das-ist-das-sinnvoll-7-4-26-102570829\" target=\"_self\" class=\"underline \" rel=\"nofollow noopener\">Bu\u00dfgeld<\/a> ausf\u00e4llt, h\u00e4ngt davon ab, wie stark das Tempolimit \u00fcberschritten wurde. Laut dem ADAC gelten beim Blitzermarathon keine Sonderstrafen \u2013 es werden also die <a href=\"https:\/\/www.ka-news.de\/auto\/auto-bussgeldkatalog-2026-so-viel-zahlen-bei-zu-hoher-geschwindigkeit-7-4-26-102568074\" target=\"_self\" class=\"underline \" rel=\"nofollow noopener\">\u00fcblichen Bu\u00dfgelder f\u00fcr Tempo\u00fcberschreitungen<\/a> verh\u00e4ngt. Diese k\u00f6nnen dem <a href=\"https:\/\/www.adac.de\/verkehr\/recht\/bussgeld-punkte\/geschwindigkeitsueberschreitung\/\" rel=\"nofollow noopener\" target=\"_blank\" class=\"underline \">ADAC<\/a> zufolge von 20 Euro bei bis zu zehn km\/h \u00dcberschreitung au\u00dferorts bis hin zu 800 Euro, zwei Punkten und drei Monaten <a href=\"https:\/\/www.ka-news.de\/auto\/auto-bei-diesen-vergehen-ist-der-fuehrerschein-fuer-immer-weg-8-4-26-112807724\" target=\"_self\" class=\"underline \" rel=\"nofollow noopener\">Fahrverbot reichen, wenn innerorts mehr als 70 km\/h zu schnell gefahren<\/a> wird.\n  <\/p>\n<p class=\"mb-6 text-xs md:text-m lg:text-l font-serif group-[.font-sans]:font-sans \">\n    \u00dcbrigens: Auch andere Verst\u00f6\u00dfe werden geahndet. Dazu z\u00e4hlen unter anderem <a href=\"https:\/\/www.ka-news.de\/auto\/unnoetiges-autofahren-wann-droht-ein-bussgeld-15-7-25-103590465\" target=\"_self\" class=\"underline \" rel=\"nofollow noopener\">unn\u00f6tiges Fahren<\/a> oder ein <a href=\"https:\/\/www.ka-news.de\/auto\/bussgeld-bei-zu-wenig-abstand-auf-der-autobahn-wie-hoch-ist-die-strafe-9-11-25-112730997\" target=\"_self\" class=\"underline \" rel=\"nofollow noopener\">zu geringer Abstand zum vorausfahrenden Fahrzeug<\/a>.\n  <\/p>\n<ul data-module-id=\"DragDropModule\" class=\"flex flex-wrap justify-start group-[.no-bookmarks]:hidden\">\n<li class=\"mb-3 mr-3\">\n    Nina Feger<\/p>\n<p>      Icon Haken im Kreis gesetzt<\/p>\n<p>      Icon Plus im Kreis<\/p>\n<\/li>\n<li class=\"mb-3 mr-3\">\n    Blitzermarathon<\/p>\n<p>      Icon Haken im Kreis gesetzt<\/p>\n<p>      Icon Plus im Kreis<\/p>\n<\/li>\n<li class=\"mb-3 mr-3\">\n    Deutschland<\/p>\n<p>      Icon Haken im Kreis gesetzt<\/p>\n<p>      Icon Plus im Kreis<\/p>\n<\/li>\n<\/ul>\n","protected":false},"excerpt":{"rendered":"2026 hei\u00dft es f\u00fcr Autofahrerinnen und Autofahrer erneut: Fu\u00df vom Gas \u2013 sonst wird\u2019s teuer. Denn auch in&hellip;\n","protected":false},"author":2,"featured_media":934478,"comment_status":"","ping_status":"","sticky":false,"template":"","format":"standard","meta":{"footnotes":"","_share_on_mastodon":"0"},"categories":[2],"tags":[4074,331,3924,332,3922,1634,7614,3364,29,433,514,30,13,14,3923,15,3921,12,8179],"class_list":["post-934477","post","type-post","status-publish","format-standard","has-post-thumbnail","category-deutschland","tag-adac","tag-aktuelle-nachrichten","tag-aktuelle-nachrichten-aus-deutschland","tag-aktuelle-news","tag-aktuelle-news-aus-deutschland","tag-baden-wuerttemberg","tag-blitzermarathon","tag-de","tag-deutschland","tag-drogen","tag-fahrzeug","tag-germany","tag-headlines","tag-nachrichten","tag-nachrichten-aus-deutschland","tag-news","tag-news-aus-deutschland","tag-schlagzeilen","tag-tempokontrolle"],"share_on_mastodon":{"url":"https:\/\/pubeurope.com\/@de\/116378692835811899","error":""},"_links":{"self":[{"href":"https:\/\/www.europesays.com\/de\/wp-json\/wp\/v2\/posts\/934477","targetHints":{"allow":["GET"]}}],"collection":[{"href":"https:\/\/www.europesays.com\/de\/wp-json\/wp\/v2\/posts"}],"about":[{"href":"https:\/\/www.europesays.com\/de\/wp-json\/wp\/v2\/types\/post"}],"author":[{"embeddable":true,"href":"https:\/\/www.europesays.com\/de\/wp-json\/wp\/v2\/users\/2"}],"replies":[{"embeddable":true,"href":"https:\/\/www.europesays.com\/de\/wp-json\/wp\/v2\/comments?post=934477"}],"version-history":[{"count":0,"href":"https:\/\/www.europesays.com\/de\/wp-json\/wp\/v2\/posts\/934477\/revisions"}],"wp:featuredmedia":[{"embeddable":true,"href":"https:\/\/www.europesays.com\/de\/wp-json\/wp\/v2\/media\/934478"}],"wp:attachment":[{"href":"https:\/\/www.europesays.com\/de\/wp-json\/wp\/v2\/media?parent=934477"}],"wp:term":[{"taxonomy":"category","embeddable":true,"href":"https:\/\/www.europesays.com\/de\/wp-json\/wp\/v2\/categories?post=934477"},{"taxonomy":"post_tag","embeddable":true,"href":"https:\/\/www.europesays.com\/de\/wp-json\/wp\/v2\/tags?post=934477"}],"curies":[{"name":"wp","href":"https:\/\/api.w.org\/{rel}","templated":true}]}}