{"id":934652,"date":"2026-04-10T06:52:18","date_gmt":"2026-04-10T06:52:18","guid":{"rendered":"https:\/\/www.europesays.com\/de\/934652\/"},"modified":"2026-04-10T06:52:18","modified_gmt":"2026-04-10T06:52:18","slug":"bvb-das-sind-dortmunds-geheime-kader-plaene-fussball","status":"publish","type":"post","link":"https:\/\/www.europesays.com\/de\/934652\/","title":{"rendered":"BVB: Das sind Dortmunds geheime Kader-Pl\u00e4ne | Fu\u00dfball"},"content":{"rendered":"<p><a class=\"skip-content skip-content--link\" href=\"#in-content-skip-link-target-v-0-0\">TTS-Player \u00fcberspringen\u21b5<\/a><a id=\"in-content-skip-link-target-v-0-0\" class=\"skip-content--target-link-hidden skip-content skip-content--target-link\" href=\"#in-content-skip-link-target-v-0-0\">Artikel weiterlesen<\/a><\/p>\n<p>Dortmund \u2013<b> Gro\u00dfbaustelle <\/b><a href=\"https:\/\/sportbild.bild.de\/bundesliga\/vereine\/borussia-dortmund\/home-33283690.sport.html\" class=\"text-link\" rel=\"nofollow noopener\" target=\"_blank\"><b>Borussia<\/b><\/a><b>! Bereits jetzt ist klar, dass sich der BVB im kommenden Sommer komplett neu ausrichten muss. Es geht um Stars, Transfers und Vertr\u00e4ge, aber auch um eine neue DNA und interne Machtstruktur. Den Architekten daf\u00fcr sieht Dortmund in Neu-Sportdirektor Ole Book (40). Das Problem: Sein Investitionsvolumen betr\u00e4gt, Stand jetzt, gerade mal schmale 25 Mio. Euro. BILD verr\u00e4t, was sich beim BVB jetzt konkret ver\u00e4ndern soll.<\/b><\/p>\n<p>Die neuen Kader-Pl\u00e4ne des BVB<\/p>\n<p><b>Brennpunkt Transfers:<\/b> Im Extremfall muss Book bis zu acht Positionen neu besetzen. Durch die Abg\u00e4nge von Niklas S\u00fcle (30\/Vertragsende) und Aaron Anselmino (20\/Stra\u00dfburg) sowie die unsichere Gesundheitssituation bei Emre Can (32\/Kreuzbandriss) wird mindestens ein, wenn nicht sogar zwei neue Innenverteidiger ben\u00f6tigt. Namen, die zuletzt kursierten: Marcos Senesi (28\/Bornemouth), Benjamin Pavard (30\/Marseille). Ramon Hendriks (24\/Stuttgart) k\u00e4me als Linksfu\u00df wohl nur bei einem Abgang von Nico Schlotterbeck (26) infrage. Die Entwicklung von Anselmino hat Dortmund unabh\u00e4ngig von den Kovac-Aussagen (\u201eTut mir weh, dass er nicht mehr so oft spielt\u201c) weiter im Blick. Es w\u00fcrde nicht \u00fcberraschen, wenn auch Book in dieser Personalie alle M\u00f6glichkeiten auslotet. Bei einem Abgang des umworbenen Julian Ryerson (28) m\u00fcsste sich der BVB auf der Rechtsverteidigerposition zumindest quantitativ verst\u00e4rken. <\/p>\n<p>Mehr zum Thema<\/p>\n<p>Bedarf besteht durch die Abg\u00e4nge von Pascal Gro\u00df (34\/Brighton), Salih \u00d6zcan (28\/Vertragsende) und Julian Brandt (29\/Vertragsende) auch in der Mittelfeldzentrale. Hier m\u00fcssen die Verantwortlichen abw\u00e4gen, ob sie einen Abr\u00e4umer, Spielmacher oder beides verpflichten wollen. Bestandsspieler Carney Chukwuemeka (22) konnte bei 50 Eins\u00e4tzen noch nie \u00fcber 90 Minuten spielen.<\/p>\n<p>K\u00fcnftig will der <a href=\"https:\/\/sportbild.bild.de\/bundesliga\/vereine\/borussia-dortmund\/home-33283690.sport.html\" class=\"text-link\" rel=\"nofollow noopener\" target=\"_blank\">BVB<\/a> wieder auf schnelle Fl\u00fcgelspieler setzen. Der abl\u00f6sefreie <a href=\"https:\/\/sportbild.bild.de\/fussball\/borussia-dortmund\/bvb-boss-bestaetigt-interesse-an-sancho-das-machen-wir-auch-bei-jadon-69d6265d463e9a2d40d164e1\" class=\"text-link\" rel=\"nofollow noopener\" target=\"_blank\">Jadon Sancho<\/a> (26\/Aston Villa) steht trotz Verletzung weiterhin auf dem Zettel. Ein Abgang von Karim Adeyemi (24) w\u00fcrde zwar dringend ben\u00f6tigte Kohle einbringen, aber auch f\u00fcr neuen Bedarf auf der Position sorgen. Im Sturm will K\u00f6nigsknipser Serhou Guirassy (29\/Ausstiegsklausel f\u00fcr 35 Mio.) bei einem passenden Angebot gehen (BILD berichtete). Fisnik Asllani (23\/Hoffenheim) ist Top-Kandidat auf die Nachfolge, eine Leihe von Nick Woltemade (24\/Newcastle) unter bestimmten Voraussetzungen zumindest ein loses Gedankenspiel.<\/p>\n<p>Zwei Zukunftstransfers hat der BVB mit den S\u00fcdamerika-Talenten Kaua Prates (17\/12 Mio.) und Justin Lerma (17\/4 Mio.) schon get\u00e4tigt. Die gro\u00dfe Frage aber: Welche Book-Transfers hieven das Team wirklich auf ein neues Niveau?<\/p>\n<p>\u201eQuellen sind absolut glaubw\u00fcrdig\u201c: Spannende Insider-Infos zum BVB und Woltemade!<a class=\"anchor video-teaser__anchor\" href=\"https:\/\/www.bild.de\/sport\/fussball\/quellen-sind-absolut-glaubwuerdig-spannende-insider-infos-zum-bvb-und-woltemade-69d76407c72227da0df13b5c\" rel=\"nofollow noopener\" target=\"_blank\"><img decoding=\"async\" width=\"992\" height=\"558\" alt=\"\" src=\"https:\/\/www.europesays.com\/de\/wp-content\/uploads\/2026\/04\/38b39f36db084d01e24f075fcb04fb6b-landscape,58a10c79.jpeg\"   class=\"landscape teaser__image\" loading=\"lazy\"\/><\/a><\/p>\n<p>Quelle: BILD09.04.2026<\/p>\n<p>Transfers, Vertr\u00e4ge, und Macht beim BVB<\/p>\n<p><b>Brennpunkt Vertr\u00e4ge:<\/b> Die Verl\u00e4ngerungs-Verhandlungen mit Schlotterbeck und auch Adeyemi laufen auf Hochtouren, Schl\u00fcsselspieler Felix Nmecha (25) konnte Ex-Manager Kehl bereits bis 2030 binden. Konkreter gesprochen werden soll k\u00fcnftig auch mit Gregor Kobel (28), Waldemar Anton (29) und Ryerson.<\/p>\n<p><b>Brennpunkt Macht:<\/b> Ob Kapit\u00e4n Can weiter die Binde tr\u00e4gt oder nur Kabinenchef bleibt, ist noch nicht gekl\u00e4rt. Sollte Schlotterbeck nicht verl\u00e4ngern, wird Abwehr-Lautsprecher Anton zum Nachfolge-Kandidaten. Dahinter muss sich eine neue Hierarchie entwickeln, auch bei Transfers liegt auf F\u00fchrungsqualit\u00e4t ein besonderes Augenmerk.<\/p>\n<p><img decoding=\"async\" width=\"992\" height=\"558\" alt=\"BVB-Kapit\u00e4n Can f\u00e4llt aktuell mit einem Kreuzbandriss aus\" src=\"https:\/\/www.europesays.com\/de\/wp-content\/uploads\/2026\/04\/c469d6890f3d76afdca0a70864ee5c75,84db2ab.jpeg\"   class=\"landscape\" loading=\"lazy\"\/><\/p>\n<p class=\"fig__caption__text\">BVB-Kapit\u00e4n Can f\u00e4llt aktuell mit einem Kreuzbandriss aus<\/p>\n<p>Foto: Tom Weller\/dpa<\/p>\n<p><b>Brennpunkt F\u00fchrung:<\/b> Book muss mit R\u00fcckendeckung von Sport-Boss Lars Ricken (49) eigene Strukturen aufbauen. Im Fokus: Sein engster Vertrauter David Blacha (35) k\u00f6nnte ihm sp\u00e4testens im Sommer aus Elversberg folgen.<\/p>\n<p><b>Brennpunkt Talente:<\/b> Die Liste der Top-Juwelen ist lang: Samuele Inacio (18), Luca Reggiani (18), Mussa Kaba (17), Mathis Albert (16), dazu Lerma und Prates. F\u00fcr den Einbau muss auch Book ein Konzept entwickeln.<\/p>\n<p><b>Brennpunkt Philosophie:<\/b> Book gab beim Amtsantritt vor: \u201eDer neue Weg wird sicherlich von einer gewissen Attraktivit\u00e4t und Offensivstil gepr\u00e4gt sein.\u201c Das muss der Kader der Zukunft aber zun\u00e4chst hergeben \u2026<\/p>\n","protected":false},"excerpt":{"rendered":"TTS-Player \u00fcberspringen\u21b5Artikel weiterlesen Dortmund \u2013 Gro\u00dfbaustelle Borussia! Bereits jetzt ist klar, dass sich der BVB im kommenden Sommer&hellip;\n","protected":false},"author":2,"featured_media":934653,"comment_status":"","ping_status":"","sticky":false,"template":"","format":"standard","meta":{"footnotes":"","_share_on_mastodon":"0"},"categories":[1833],"tags":[1263,888,3364,29,217,538,347,30,5133,5131,9662,1209,5134,73392,803,819,1576,45,1261],"class_list":["post-934652","post","type-post","status-publish","format-standard","has-post-thumbnail","category-dortmund","tag-aufmacher-bereich","tag-borussia-dortmund","tag-de","tag-deutschland","tag-dortmund","tag-erste-bundesliga","tag-fussball","tag-germany","tag-hueber-yannick","tag-kovac-niko","tag-no-sport-app","tag-nordrhein-westfalen","tag-quad-teaser","tag-schroeer-michel","tag-spielertransfer","tag-sport-leuchtturm-essen","tag-super-a-teaser","tag-texttospeech","tag-toralarm-top-news"],"share_on_mastodon":{"url":"https:\/\/pubeurope.com\/@de\/116379094169512788","error":""},"_links":{"self":[{"href":"https:\/\/www.europesays.com\/de\/wp-json\/wp\/v2\/posts\/934652","targetHints":{"allow":["GET"]}}],"collection":[{"href":"https:\/\/www.europesays.com\/de\/wp-json\/wp\/v2\/posts"}],"about":[{"href":"https:\/\/www.europesays.com\/de\/wp-json\/wp\/v2\/types\/post"}],"author":[{"embeddable":true,"href":"https:\/\/www.europesays.com\/de\/wp-json\/wp\/v2\/users\/2"}],"replies":[{"embeddable":true,"href":"https:\/\/www.europesays.com\/de\/wp-json\/wp\/v2\/comments?post=934652"}],"version-history":[{"count":0,"href":"https:\/\/www.europesays.com\/de\/wp-json\/wp\/v2\/posts\/934652\/revisions"}],"wp:featuredmedia":[{"embeddable":true,"href":"https:\/\/www.europesays.com\/de\/wp-json\/wp\/v2\/media\/934653"}],"wp:attachment":[{"href":"https:\/\/www.europesays.com\/de\/wp-json\/wp\/v2\/media?parent=934652"}],"wp:term":[{"taxonomy":"category","embeddable":true,"href":"https:\/\/www.europesays.com\/de\/wp-json\/wp\/v2\/categories?post=934652"},{"taxonomy":"post_tag","embeddable":true,"href":"https:\/\/www.europesays.com\/de\/wp-json\/wp\/v2\/tags?post=934652"}],"curies":[{"name":"wp","href":"https:\/\/api.w.org\/{rel}","templated":true}]}}