{"id":934720,"date":"2026-04-10T07:28:17","date_gmt":"2026-04-10T07:28:17","guid":{"rendered":"https:\/\/www.europesays.com\/de\/934720\/"},"modified":"2026-04-10T07:28:17","modified_gmt":"2026-04-10T07:28:17","slug":"foerdermittel-fuer-internationale-begegnungen-euregio-aktuell","status":"publish","type":"post","link":"https:\/\/www.europesays.com\/de\/934720\/","title":{"rendered":"F\u00f6rdermittel f\u00fcr internationale Begegnungen &#8211; Euregio Aktuell"},"content":{"rendered":"<p>Die Europe Direct Zentren in Nordrhein-Westfalen laden am Donnerstag, 16. April, um 14 Uhr zu einer Informationsveranstaltung ein. Das kostenfreie Onlineangebot richtet sich an Mitarbeitende der kommunalen Verwaltung, an Partnerschaftsvereine oder andere interessierte Vereine, an Kultur- und Bildungseinrichtungen sowie an zivilgesellschaftliche Organisationen mit europ\u00e4ischem Bezug.<\/p>\n<p>Vorgestellt werden F\u00f6rderm\u00f6glichkeiten f\u00fcr kommunale Netzwerke und den Austausch zwischen B\u00fcrgerinnen und B\u00fcrgern verschiedener L\u00e4nder. Das EU-F\u00f6rderprogramm \u201eB\u00fcrgerinnen und B\u00fcrger, Gleichstellung, Rechte und Werte\u201c (CERV) unterst\u00fctzt Projekte zivilgesellschaftlicher Organisationen, Kommunen und anderen Akteurinnen und Akteuren mit europaweit rund 1,5 Milliarden Euro.<\/p>\n<p>In der Veranstaltung wird eine Mitarbeiterin von CERV unter anderem den F\u00f6rderaufruf \u201eKommunale Partnerschaften\u201c erl\u00e4utern. Die Anmeldung erfolgt \u00fcber die Website von Europe Direct Aachen unter <a href=\"https:\/\/ogy.de\/Begegnungen-2026\" target=\"_blank\" rel=\"noreferrer noopener nofollow\">https:\/\/ogy.de\/Begegnungen-2026<\/a>.<\/p>\n","protected":false},"excerpt":{"rendered":"Die Europe Direct Zentren in Nordrhein-Westfalen laden am Donnerstag, 16. April, um 14 Uhr zu einer Informationsveranstaltung ein.&hellip;\n","protected":false},"author":2,"featured_media":934721,"comment_status":"","ping_status":"","sticky":false,"template":"","format":"standard","meta":{"footnotes":"","_share_on_mastodon":"0"},"categories":[1853],"tags":[1424,204162,3364,29,548,92503,663,3934,204163,6586,30,13,37725,204164,14,15,1209,12],"class_list":["post-934720","post","type-post","status-publish","format-standard","has-post-thumbnail","category-aachen","tag-aachen","tag-cerv","tag-de","tag-deutschland","tag-eu","tag-euregio","tag-europa","tag-europe","tag-europe-direct-aachen","tag-forderung","tag-germany","tag-headlines","tag-infoveranstaltung","tag-kostenfreie-online-veranstaltung","tag-nachrichten","tag-news","tag-nordrhein-westfalen","tag-schlagzeilen"],"share_on_mastodon":{"url":"https:\/\/pubeurope.com\/@de\/116379235714008863","error":""},"_links":{"self":[{"href":"https:\/\/www.europesays.com\/de\/wp-json\/wp\/v2\/posts\/934720","targetHints":{"allow":["GET"]}}],"collection":[{"href":"https:\/\/www.europesays.com\/de\/wp-json\/wp\/v2\/posts"}],"about":[{"href":"https:\/\/www.europesays.com\/de\/wp-json\/wp\/v2\/types\/post"}],"author":[{"embeddable":true,"href":"https:\/\/www.europesays.com\/de\/wp-json\/wp\/v2\/users\/2"}],"replies":[{"embeddable":true,"href":"https:\/\/www.europesays.com\/de\/wp-json\/wp\/v2\/comments?post=934720"}],"version-history":[{"count":0,"href":"https:\/\/www.europesays.com\/de\/wp-json\/wp\/v2\/posts\/934720\/revisions"}],"wp:featuredmedia":[{"embeddable":true,"href":"https:\/\/www.europesays.com\/de\/wp-json\/wp\/v2\/media\/934721"}],"wp:attachment":[{"href":"https:\/\/www.europesays.com\/de\/wp-json\/wp\/v2\/media?parent=934720"}],"wp:term":[{"taxonomy":"category","embeddable":true,"href":"https:\/\/www.europesays.com\/de\/wp-json\/wp\/v2\/categories?post=934720"},{"taxonomy":"post_tag","embeddable":true,"href":"https:\/\/www.europesays.com\/de\/wp-json\/wp\/v2\/tags?post=934720"}],"curies":[{"name":"wp","href":"https:\/\/api.w.org\/{rel}","templated":true}]}}