{"id":934854,"date":"2026-04-10T08:47:17","date_gmt":"2026-04-10T08:47:17","guid":{"rendered":"https:\/\/www.europesays.com\/de\/934854\/"},"modified":"2026-04-10T08:47:17","modified_gmt":"2026-04-10T08:47:17","slug":"unerwartetes-statement-melania-trump-bestreitet-epstein-verbindung","status":"publish","type":"post","link":"https:\/\/www.europesays.com\/de\/934854\/","title":{"rendered":"Unerwartetes Statement: Melania Trump bestreitet Epstein-Verbindung"},"content":{"rendered":"<p>            <img loading=\"lazy\" decoding=\"async\" class=\"ts-image\" src=\"https:\/\/www.europesays.com\/de\/wp-content\/uploads\/2026\/04\/trump-4864.jpg\" alt=\"Melania Trump\" title=\"Melania Trump | EPA\"\/><\/p>\n<p class=\"metatextline\">Stand: 10.04.2026 \u2022 10:03 Uhr<\/p>\n<p class=\"article-head__shorttext\">\n        <strong>First Lady Melania Trump hat in einem \u00fcberraschenden Statement jegliche Verbindungen zum Sexualstraft\u00e4ter Epstein abgestritten. Was sie dazu veranlasst hat, ist unklar &#8211; und d\u00fcrfte Spekulationen anheizen.<\/strong>\n    <\/p>\n<p class=\"textabsatz m-ten m-offset-one l-eight l-offset-two columns twelve\">Die amerikanische First Lady Melania Trump hat jegliche Beziehung zu dem verurteilten Sexualstraft\u00e4ter Jeffrey Epstein zur\u00fcckgewiesen. &#8222;Ich war nie mit Epstein befreundet&#8220;, sagte sie auf einem eigens anberaumten Pressetermin im Wei\u00dfen Haus. Von Epsteins Verbrechen habe sie nichts gewusst.<\/p>\n<p class=\"textabsatz m-ten m-offset-one l-eight l-offset-two columns twelve\">Die \u00fcber sie verbreiteten Geschichten seien v\u00f6llig falsch. Anschuldigungen im Internet, sie sei in den sexuellen Missbrauch junger M\u00e4dchen durch den Million\u00e4r und in seine Kontakte zu reichen und m\u00e4chtigen Menschen verwickelt gewesen, seien Verleumdungen.<\/p>\n<p>    &#8222;Die L\u00fcgen m\u00fcssen heute ein Ende finden&#8220;<\/p>\n<p class=\"textabsatz m-ten m-offset-one l-eight l-offset-two columns twelve\">&#8222;Die L\u00fcgen, die mich mit dem sch\u00e4ndlichen Jeffrey Epstein verbinden, m\u00fcssen heute ein Ende finden&#8220;, sagte Melania Trump. Falsche Behauptungen zu einer engeren Verbindung zu Epstein h\u00e4tten lediglich das Ziel, ihrem Ruf zu schaden. Trump drohte mit juristischen Konsequenzen, sollten Falschbehauptungen verbreitet werden.<\/p>\n<p>    Raum f\u00fcr Spekulationen<\/p>\n<p class=\"textabsatz m-ten m-offset-one l-eight l-offset-two columns twelve\">Die First Lady forderte den Kongress auf, eine \u00f6ffentliche Anh\u00f6rung f\u00fcr Opfer von Epsteins Verbrechen abzuhalten. Darin solle ihnen die M\u00f6glichkeit gegeben werden, vor den Abgeordneten auszusagen und ihre Geschichten in die Akten des Kongresses aufnehmen zu lassen.<\/p>\n<p class=\"textabsatz m-ten m-offset-one l-eight l-offset-two columns twelve\">Die Stellungnahme Trumps kam unerwartet und \u00fcberraschte die Politik in Washington. Was die First Lady dazu veranlasste, lie\u00df sie offen &#8211; und bot damit Raum f\u00fcr Spekulationen. Beobachter halten es f\u00fcr m\u00f6glich, dass sie damit bevorstehenden Vorw\u00fcrfen zuvorkommen wollte.<\/p>\n","protected":false},"excerpt":{"rendered":"Stand: 10.04.2026 \u2022 10:03 Uhr First Lady Melania Trump hat in einem \u00fcberraschenden Statement jegliche Verbindungen zum Sexualstraft\u00e4ter&hellip;\n","protected":false},"author":2,"featured_media":934855,"comment_status":"","ping_status":"","sticky":false,"template":"","format":"standard","meta":{"footnotes":"","_share_on_mastodon":"0"},"categories":[5],"tags":[81660,13,23542,43593,14,15,12,10,8,9,11,113,64],"class_list":["post-934854","post","type-post","status-publish","format-standard","has-post-thumbnail","category-nachrichten","tag-epstein","tag-headlines","tag-jeffrey-epstein","tag-melania-trump","tag-nachrichten","tag-news","tag-schlagzeilen","tag-top-news","tag-top-meldungen","tag-topmeldungen","tag-topnews","tag-trump","tag-usa"],"share_on_mastodon":{"url":"https:\/\/pubeurope.com\/@de\/116379546227409162","error":""},"_links":{"self":[{"href":"https:\/\/www.europesays.com\/de\/wp-json\/wp\/v2\/posts\/934854","targetHints":{"allow":["GET"]}}],"collection":[{"href":"https:\/\/www.europesays.com\/de\/wp-json\/wp\/v2\/posts"}],"about":[{"href":"https:\/\/www.europesays.com\/de\/wp-json\/wp\/v2\/types\/post"}],"author":[{"embeddable":true,"href":"https:\/\/www.europesays.com\/de\/wp-json\/wp\/v2\/users\/2"}],"replies":[{"embeddable":true,"href":"https:\/\/www.europesays.com\/de\/wp-json\/wp\/v2\/comments?post=934854"}],"version-history":[{"count":0,"href":"https:\/\/www.europesays.com\/de\/wp-json\/wp\/v2\/posts\/934854\/revisions"}],"wp:featuredmedia":[{"embeddable":true,"href":"https:\/\/www.europesays.com\/de\/wp-json\/wp\/v2\/media\/934855"}],"wp:attachment":[{"href":"https:\/\/www.europesays.com\/de\/wp-json\/wp\/v2\/media?parent=934854"}],"wp:term":[{"taxonomy":"category","embeddable":true,"href":"https:\/\/www.europesays.com\/de\/wp-json\/wp\/v2\/categories?post=934854"},{"taxonomy":"post_tag","embeddable":true,"href":"https:\/\/www.europesays.com\/de\/wp-json\/wp\/v2\/tags?post=934854"}],"curies":[{"name":"wp","href":"https:\/\/api.w.org\/{rel}","templated":true}]}}