{"id":934875,"date":"2026-04-10T08:59:17","date_gmt":"2026-04-10T08:59:17","guid":{"rendered":"https:\/\/www.europesays.com\/de\/934875\/"},"modified":"2026-04-10T08:59:17","modified_gmt":"2026-04-10T08:59:17","slug":"karlsruhe-unbekannte-fluessigkeit-auf-passanten-gekippt-hautreizungen","status":"publish","type":"post","link":"https:\/\/www.europesays.com\/de\/934875\/","title":{"rendered":"Karlsruhe: Unbekannte Fl\u00fcssigkeit auf Passanten gekippt \u2013 Hautreizungen"},"content":{"rendered":"<p>        10. April 2026, 10:54 Uhr<br \/>\n    Quelle: dpa Baden-W\u00fcrttemberg\n<\/p>\n<p>        Hinweis<\/p>\n<p class=\"article-notice__text\">DIE ZEIT hat diese Meldung redaktionell nicht bearbeitet. Sie wurde automatisch von der Deutschen Presse-Agentur (dpa) \u00fcbernommen.<\/p>\n<p>            <img decoding=\"async\" class=\"article__media-item\" src=\"https:\/\/www.europesays.com\/de\/wp-content\/uploads\/2026\/04\/1775811557_111_wide__660x371.jpeg\" alt=\"Karlsruhe: Die Polizei sucht nach Zeugen und weiteren Gesch\u00e4digten. (Symbolbild)\"\/><\/p>\n<p>                    Die Polizei sucht nach Zeugen und weiteren Gesch\u00e4digten. (Symbolbild)<br \/>\n            \u00a9\u00a0Daniel Karmann\/\u200bdpa<\/p>\n<p class=\"paragraph article__item\">Ein Unbekannter hat in <a class=\"rtr-entity\" href=\"https:\/\/www.zeit.de\/thema\/karlsruhe\" rel=\"nofollow noopener\" target=\"_blank\">Karlsruhe<\/a> eine Fl\u00fcssigkeit aus einem Fenster auf Passanten gekippt, woraufhin diese Hautreizungen erlitten haben. Um welche Fl\u00fcssigkeit es sich genau handelte und um welche Menge, blieb zun\u00e4chst unklar, wie die Polizei mitteilte. Mehrere Fu\u00dfg\u00e4nger h\u00e4tten sich vor dem Geb\u00e4ude aufgehalten, als die Fl\u00fcssigkeit von einem der oberen Fenster eines Mehrfamilienhauses auf den Gehweg gekippt wurde. Die Menschen wurden leicht verletzt.\u00a0\n<\/p>\n<p>Aktuelles<\/p>\n<p>                <a href=\"https:\/\/www.zeit.de\/gesellschaft\/zeitgeschehen\/2026-04\/angriffe-parteibueros-flensburg-kiel-rechtsextremismus-gxe\" data-ct-label=\"Schleswig-Holstein: Angriffe gegen Parteib\u00fcros in Kiel und Flensburg\" data-uuid=\"7ebb04cb-7db6-4e2b-be2f-a21b416caf52\" rel=\"nofollow noopener\" target=\"_blank\"><\/p>\n<p>                        Schleswig-Holstein:<br \/>\n                        Angriffe gegen Parteib\u00fcros in Kiel und Flensburg<\/p>\n<p>                <\/a><\/p>\n<p>                <a href=\"https:\/\/www.zeit.de\/gesellschaft\/2026-04\/ice-anschlagsdrohung-nordrhein-westfalen-siegburg-frankfurt\" data-ct-label=\"Deutsche Bahn: Mann droht in ICE in Nordrhein-Westfalen mit Anschlag \" data-uuid=\"d9e3e1d3-ee63-4082-a5f1-9ea92af45806\" rel=\"nofollow noopener\" target=\"_blank\"><\/p>\n<p>                        Deutsche Bahn:<br \/>\n                        Mann droht in ICE in Nordrhein-Westfalen mit Anschlag <\/p>\n<p>                <\/a><\/p>\n<p>                <a href=\"https:\/\/www.zeit.de\/gesellschaft\/zeitgeschehen\/2026-03\/hamburg-altona-wolf-frau-gebissen-niedersachsen\" data-ct-label=\"Hamburg: Wolf nach Biss in Hamburg in Wildtierstation gebracht\" data-uuid=\"82ed1eeb-c2c5-4d81-955b-a3ebe257a1eb\" rel=\"nofollow noopener\" target=\"_blank\"><\/p>\n<p>                        Hamburg:<br \/>\n                        Wolf nach Biss in Hamburg in Wildtierstation gebracht<\/p>\n<p>                <\/a><\/p>\n<p class=\"paragraph article__item\">Die Hintergr\u00fcnde der Tat in der Nacht auf Donnerstag blieben zun\u00e4chst unklar. Zeugen und weitere Gesch\u00e4digte wurden gebeten, sich bei der <a class=\"rtr-entity\" href=\"https:\/\/www.zeit.de\/thema\/polizei\" rel=\"nofollow noopener\" target=\"_blank\">Polizei<\/a> zu melden.\n<\/p>\n<p class=\"paragraph article__item\">\u00a9 dpa-infocom, dpa:260410-930-926936\/1<\/p>\n","protected":false},"excerpt":{"rendered":"10. April 2026, 10:54 Uhr Quelle: dpa Baden-W\u00fcrttemberg Hinweis DIE ZEIT hat diese Meldung redaktionell nicht bearbeitet. Sie&hellip;\n","protected":false},"author":2,"featured_media":934876,"comment_status":"","ping_status":"","sticky":false,"template":"","format":"standard","meta":{"footnotes":"","_share_on_mastodon":"0"},"categories":[1844],"tags":[1634,3364,29,34340,30,97315,8903,15,121],"class_list":["post-934875","post","type-post","status-publish","format-standard","has-post-thumbnail","category-karlsruhe","tag-baden-wuerttemberg","tag-de","tag-deutschland","tag-fluessigkeit","tag-germany","tag-hautreizung","tag-karlsruhe","tag-news","tag-polizei"],"share_on_mastodon":{"url":"https:\/\/pubeurope.com\/@de\/116379593425594339","error":""},"_links":{"self":[{"href":"https:\/\/www.europesays.com\/de\/wp-json\/wp\/v2\/posts\/934875","targetHints":{"allow":["GET"]}}],"collection":[{"href":"https:\/\/www.europesays.com\/de\/wp-json\/wp\/v2\/posts"}],"about":[{"href":"https:\/\/www.europesays.com\/de\/wp-json\/wp\/v2\/types\/post"}],"author":[{"embeddable":true,"href":"https:\/\/www.europesays.com\/de\/wp-json\/wp\/v2\/users\/2"}],"replies":[{"embeddable":true,"href":"https:\/\/www.europesays.com\/de\/wp-json\/wp\/v2\/comments?post=934875"}],"version-history":[{"count":0,"href":"https:\/\/www.europesays.com\/de\/wp-json\/wp\/v2\/posts\/934875\/revisions"}],"wp:featuredmedia":[{"embeddable":true,"href":"https:\/\/www.europesays.com\/de\/wp-json\/wp\/v2\/media\/934876"}],"wp:attachment":[{"href":"https:\/\/www.europesays.com\/de\/wp-json\/wp\/v2\/media?parent=934875"}],"wp:term":[{"taxonomy":"category","embeddable":true,"href":"https:\/\/www.europesays.com\/de\/wp-json\/wp\/v2\/categories?post=934875"},{"taxonomy":"post_tag","embeddable":true,"href":"https:\/\/www.europesays.com\/de\/wp-json\/wp\/v2\/tags?post=934875"}],"curies":[{"name":"wp","href":"https:\/\/api.w.org\/{rel}","templated":true}]}}