{"id":934926,"date":"2026-04-10T09:29:29","date_gmt":"2026-04-10T09:29:29","guid":{"rendered":"https:\/\/www.europesays.com\/de\/934926\/"},"modified":"2026-04-10T09:29:29","modified_gmt":"2026-04-10T09:29:29","slug":"timmendorfer-strand-ein-klassiker-fuer-bremen-urlauber","status":"publish","type":"post","link":"https:\/\/www.europesays.com\/de\/934926\/","title":{"rendered":"Timmendorfer Strand \u2013 ein Klassiker f\u00fcr Bremen-Urlauber"},"content":{"rendered":"<p>&#8222;Nizza des Nordens&#8220; <\/p>\n<p>Das ist ein Klassiker an der Ostsee-K\u00fcste<\/p>\n<ul class=\"grid grid-flow-col gap-4\" aria-label=\"Autorenbilder\">\n<li class=\"leading-0\"><img data-tb-author-image=\"\"  loading=\"lazy\" src=\"https:\/\/www.europesays.com\/de\/wp-content\/uploads\/2025\/08\/katharina-grimm.jpg\" alt=\"Katharina Grimm\" title=\"Katharina Grimm\" width=\"40\" height=\"40\" class=\"\" decoding=\"async\"\/><\/li>\n<\/ul>\n<p>Aktualisiert am 10.04.2026 &#8211; 08:11 UhrLesedauer: 2 Min.<\/p>\n<p><a href=\"#focus-0\" class=\"transition-colors duration-200 block text-current relative\" data-sctrack=\"FocusGalleryImage.Reference\"><img fetchpriority=\"high\" data-testid=\"Opener.Image\" style=\"--lqipURL:url('https:\/\/images.t-online.de\/2026\/03\/n6BZ9v9n1n-n\/0x208:4000x2250\/fit-in\/150x0\/filters:blur(25)\/aerial-view-over-maritim-seebruecke-maritime-pier-over-the-baltic-sea-at-seaside-resort-timmendorfer-strand-ostholstein-schleswig-holstein-germany-33344m4h.jpg')\"   loading=\"eager\" src=\"https:\/\/www.europesays.com\/de\/wp-content\/uploads\/2026\/04\/aerial-view-over-maritim-seebruecke-maritime-pier-over-the-baltic-sea-at-seaside-resort-timmendorfer.jpeg\" alt=\"imago images 0845738611\" title=\"imago images 0845738611\" width=\"4000\" height=\"2250\" class=\"bg-[url:var(--lqipURL)] bg-cover bg-center flex h-full w-full max-w-full\" decoding=\"async\"\/><img style=\"--width:32;--height:32\" loading=\"lazy\" src=\"https:\/\/bremen.t-online.de\/s\/paper\/_next\/static\/media\/zoom-in.f7dae02f.svg\" alt=\"Vergr\u00f6\u00dfern des Bildes\" title=\"Vergr\u00f6\u00dfern des Bildes\" class=\"block h-[calc(var(--height)_\/_16_*_1rem)] w-[calc(var(--width)_\/_16_*_1rem)] max-w-none absolute bottom-8 right-8 rounded-4 bg-snow p-8\" decoding=\"async\"\/><\/a><\/p>\n<p>Seebr\u00fccke am Timmendorfer Strand: das Strandbad gilt als Klassiker an der Ostsee-K\u00fcste. (Quelle: IMAGO\/ALIMDI.NET \/ Arterra \/ Sven-Erik\/imago)<\/p>\n<p class=\"font-bold text-18 leading-17 user-text-lg:text-22 user-text-xl:text-24\">Die Strandb\u00e4der an der Ostsee-K\u00fcste sind meist bodenst\u00e4ndig statt schick. Doch das &#8222;Nizza im Norden&#8220; ist fast ein mediterraner Ausflugsort.<\/p>\n<p class=\"text-18 leading-17 user-text-lg:text-22 user-text-xl:text-24\">Zugegeben, Deutschlands Strandb\u00e4der protzen nicht gerade mit mond\u00e4nem Lebensstil. Butterbrote statt Austern, dazu Dosenbier statt Champagner: An der K\u00fcste geht\u2019s bodenst\u00e4ndig zu. Und so \u00fcberrascht es nicht, dass die Ostseek\u00fcste zwischen L\u00fcbeck und Fehmarn mit vielen Campingpl\u00e4tzen ges\u00e4umt ist und in den Strandb\u00e4dern eher kleinere Hotels und Pensionen zu finden sind.<\/p>\n<p class=\"text-18 leading-17 user-text-lg:text-22 user-text-xl:text-24\">Doch ein Strandbad hat es zum &#8222;Nizza des Nordens&#8220; geschafft, wie j\u00fcngst eine Hamburger Zeitung schrieb. Am Timmendorfer Strand gibt man sich j\u00fcnger als in anderen B\u00e4dern und auch edler. Ein bisschen C\u00f4te d\u2019Azur in der L\u00fcbecker Bucht. Das liegt an den vielen Events, aber auch die Gastronomie wandelt sich.<\/p>\n<p class=\"text-18 leading-17 user-text-lg:text-22 user-text-xl:text-24\">Und tats\u00e4chlich: In Timmendorfer Strand, einer Gemeinde mit knapp 9.000 Einwohnern, passiert mehr als in anderen B\u00e4dern.<\/p>\n<p class=\"text-18 leading-17 user-text-lg:text-22 user-text-xl:text-24\">Doch auch direkt am Strand gibt es mehr zu entdecken als nur Sand und Wasser, wobei der Strand mit seinen 6,5 Kilometern L\u00e4nge nicht nur beeindruckend lang, sondern auch besonders sch\u00f6n ist. Im Fr\u00fchsommer k\u00f6nnen Zuschauer beim Strand-Polo bei einem Gl\u00e4schen Champagner mitfiebern, Ende Juni swingt der Strand bei entspannten Jazzt\u00f6nen bei der &#8222;Jazzbaltica&#8220; und die Deutschen Beachvolleyball-Meisterschaften werden seit \u00fcber 30 Jahren am Timmendorfer Strand ausgetragen. In der kalten Jahreszeit gibt es Fackell\u00e4ufe am Strand und Tanzabende.<\/p>\n<p class=\"text-18 leading-17 user-text-lg:text-22 user-text-xl:text-24\">Das Ostseebad zieht schon seit l\u00e4ngerem Promis an. Franz Beckenbauer nahm vor rund 15 Jahren schon an Charity-Golfturnieren in Timmendorfer Strand teil, Bandmitglieder der Scorpions oder von Scooter wurden dort regelm\u00e4\u00dfig gesichtet. Und Udo Lindenberg ist mit dem Ort so sehr verbunden, dass das Strandbad 2012 eine Skulptur f\u00fcr den Panikrocker aufstellen lie\u00df. Klar, dass die Gastronomie f\u00fcr verw\u00f6hnte Gaumen etwas bietet. Die &#8222;Orangerie&#8220;, das Gourmet-Restaurant im Maritim Seehotel, kocht auf Sterne-Niveau. Aber auch abseits der Michelin-K\u00fcche gibt es sehr gut bewertete Restaurants und gehobene Gastronomie. Bars servieren nicht nur Bier und Wein, sondern exquisite Cocktails und Highballs.<\/p>\n<p class=\"text-18 leading-17 user-text-lg:text-22 user-text-xl:text-24\">Ist das Wetter mies, kann man sich auch ins Hallenbad zur\u00fcckziehen. Auf rund 14.000 Quadratmetern bietet die Therme zwischen Scharbeutz und Timmendorfer Strand Rutschen, Saunen und Fitness. Im Sealife k\u00f6nnen Meeresbewohner aus allen Ozeanen in einer begehbaren Unterwasserwelt betrachtet werden. Erwachsene zahlen online 15 Euro f\u00fcrs Ticket, Kinder unter 2 Jahren sind kostenlos dabei.<\/p>\n<p class=\"text-18 leading-17 user-text-lg:text-22 user-text-xl:text-24\">Bremer gelangen \u00fcber die Autobahn innerhalb von zwei Stunden direkt an den Strand. Mit der Bahn ist man knapp drei Stunden unterwegs. Die kurze Reisezeit hat aber auch Nachteile: Tagesg\u00e4ste verstopfen die Stra\u00dfen durch illegales Parken. Das ist in Timmendorfer Strand zu einem Dauer\u00e4rgernis geworden. Die Gemeinde macht keinen Hehl daraus, dass auch abgeschleppt wird.<\/p>\n<p class=\"text-18 leading-17 user-text-lg:text-22 user-text-xl:text-24\">Und auch da \u00e4hneln sich das Nizza des Nordens und das in S\u00fcdfrankreich: Dort hat die Stadt schon vor vielen Jahren Hunderte Kameras installieren lassen, auch, um Falschparker zu \u00fcberf\u00fchren. In Timmendorfer Strand hat man gro\u00dfe Parkpl\u00e4tze ausgewiesen, um dem Verkehrskollaps im Dorfkern vorzubeugen. Die Preise f\u00fcr einen Platz sind f\u00fcrstlich: 12 Euro am Tag werden f\u00e4llig.<\/p>\n","protected":false},"excerpt":{"rendered":"&#8222;Nizza des Nordens&#8220; Das ist ein Klassiker an der Ostsee-K\u00fcste Aktualisiert am 10.04.2026 &#8211; 08:11 UhrLesedauer: 2 Min.&hellip;\n","protected":false},"author":2,"featured_media":934927,"comment_status":"","ping_status":"","sticky":false,"template":"","format":"standard","meta":{"footnotes":"","_share_on_mastodon":"0"},"categories":[1824],"tags":[2201,204194,2420,3364,29,23608,30,2858,79516,16764,2852,58930,7291,47383,58049],"class_list":["post-934926","post","type-post","status-publish","format-standard","has-post-thumbnail","category-bremen","tag-2201","tag-ausflugsort","tag-bremen","tag-de","tag-deutschland","tag-fehmarn","tag-germany","tag-luebeck","tag-luebecker-bucht","tag-nizza","tag-ostsee","tag-seebruecke","tag-strand","tag-strandbad","tag-timmendorfer-strand"],"share_on_mastodon":{"url":"https:\/\/pubeurope.com\/@de\/116379711647661486","error":""},"_links":{"self":[{"href":"https:\/\/www.europesays.com\/de\/wp-json\/wp\/v2\/posts\/934926","targetHints":{"allow":["GET"]}}],"collection":[{"href":"https:\/\/www.europesays.com\/de\/wp-json\/wp\/v2\/posts"}],"about":[{"href":"https:\/\/www.europesays.com\/de\/wp-json\/wp\/v2\/types\/post"}],"author":[{"embeddable":true,"href":"https:\/\/www.europesays.com\/de\/wp-json\/wp\/v2\/users\/2"}],"replies":[{"embeddable":true,"href":"https:\/\/www.europesays.com\/de\/wp-json\/wp\/v2\/comments?post=934926"}],"version-history":[{"count":0,"href":"https:\/\/www.europesays.com\/de\/wp-json\/wp\/v2\/posts\/934926\/revisions"}],"wp:featuredmedia":[{"embeddable":true,"href":"https:\/\/www.europesays.com\/de\/wp-json\/wp\/v2\/media\/934927"}],"wp:attachment":[{"href":"https:\/\/www.europesays.com\/de\/wp-json\/wp\/v2\/media?parent=934926"}],"wp:term":[{"taxonomy":"category","embeddable":true,"href":"https:\/\/www.europesays.com\/de\/wp-json\/wp\/v2\/categories?post=934926"},{"taxonomy":"post_tag","embeddable":true,"href":"https:\/\/www.europesays.com\/de\/wp-json\/wp\/v2\/tags?post=934926"}],"curies":[{"name":"wp","href":"https:\/\/api.w.org\/{rel}","templated":true}]}}