{"id":935225,"date":"2026-04-10T12:18:18","date_gmt":"2026-04-10T12:18:18","guid":{"rendered":"https:\/\/www.europesays.com\/de\/935225\/"},"modified":"2026-04-10T12:18:18","modified_gmt":"2026-04-10T12:18:18","slug":"droht-bayer-der-naechste-umbruch","status":"publish","type":"post","link":"https:\/\/www.europesays.com\/de\/935225\/","title":{"rendered":"Droht Bayer der n\u00e4chste Umbruch?"},"content":{"rendered":"<p>Fu\u00dfball-Bundesliga <\/p>\n<p>\u00dcbergangsjahr mit T\u00fccken: Droht Bayer der n\u00e4chste Umbruch?<\/p>\n<p>Aktualisiert am 10.04.2026 &#8211; 14:01 UhrLesedauer: 3 Min.<\/p>\n<p><a href=\"#focus-0\" class=\"transition-colors duration-200 block text-current relative\" data-sctrack=\"FocusGalleryImage.Reference\"><img fetchpriority=\"high\" data-testid=\"Opener.Image\" style=\"--lqipURL:url('https:\/\/images.t-online.de\/2026\/04\/JaOHy-YVIL8f\/0x22:2048x1152\/fit-in\/150x0\/filters:blur(25)\/ist-fuer-kasper-hjulmand-im-sommer-schon-wieder-schluss-in-leverkusen-archivbild.jpg')\"   loading=\"eager\" src=\"https:\/\/www.europesays.com\/de\/wp-content\/uploads\/2026\/04\/ist-fuer-kasper-hjulmand-im-sommer-schon-wieder-schluss-in-leverkusen-archivbild.jpg\" alt=\"Kasper Hjulmand\" title=\"Kasper Hjulmand\" width=\"2048\" height=\"1152\" class=\"bg-[url:var(--lqipURL)] bg-cover bg-center flex h-full w-full max-w-full\" decoding=\"async\"\/><img style=\"--width:32;--height:32\" loading=\"lazy\" src=\"https:\/\/www.t-online.de\/s\/paper\/_next\/static\/media\/zoom-in.f7dae02f.svg\" alt=\"Vergr\u00f6\u00dfern des Bildes\" title=\"Vergr\u00f6\u00dfern des Bildes\" class=\"block h-[calc(var(--height)_\/_16_*_1rem)] w-[calc(var(--width)_\/_16_*_1rem)] max-w-none absolute bottom-8 right-8 rounded-4 bg-snow p-8\" decoding=\"async\"\/><\/a><\/p>\n<p>Ist f\u00fcr Kasper Hjulmand im Sommer schon wieder Schluss in Leverkusen? (Archivbild) (Quelle: Fabian Strauch\/dpa\/dpa-bilder)<\/p>\n<p class=\"font-bold text-18 leading-17 user-text-lg:text-22 user-text-xl:text-24\">Bayer Leverkusen k\u00e4mpft um die Champions League \u2013 und gegen das n\u00e4chste gro\u00dfe Beben. Am Samstag in Dortmund geht es f\u00fcr den Ex-Meister um mehr als drei Punkte. Auch f\u00fcr den Trainer.<\/p>\n<p class=\"text-18 leading-17 user-text-lg:text-22 user-text-xl:text-24\"><a class=\"transition-colors duration-200 cursor-pointer text-inherit no-underline text-salemsfur md:hover:text-magenta md:hover:border-magenta md:focus:text-magenta border-current border-b border-solid break-words\" data-tracking=\"{&quot;action&quot;:&quot;click&quot;,&quot;category&quot;:&quot;intextLink&quot;,&quot;label&quot;:&quot;https:\/\/www.t-online.de\/themen\/borussia-dortmund\/&quot;}\" href=\"https:\/\/www.t-online.de\/themen\/borussia-dortmund\/\" data-sctrack=\"BodyAnchor\" rel=\"nofollow noopener\" target=\"_blank\">Borussia Dortmund<\/a> gegen Bayer Leverkusen war in den vergangenen Jahren stets das Duell um die Herausforderer-Rolle von Rekordmeister Bayern M\u00fcnchen. Zwei Jahre lang hatte die Werkself vom Bayer-Konzern die Nase vorn, aktuell ist der Traditionsclub aus Dortmund wieder enteilt und 15 Z\u00e4hler voraus. &#8222;N\u00e4chste Saison m\u00fcssen wir diese L\u00fccke nat\u00fcrlich wieder schlie\u00dfen&#8220;, sagte Leverkusens Trainer Kasper Hjulmand nun vor dem West-Schlager am Samstag (15.30 Uhr\/Sky). <\/p>\n<p class=\"text-18 leading-17 user-text-lg:text-22 user-text-xl:text-24\">Ob der D\u00e4ne dann aber \u00fcberhaupt noch bei Bayer im Amt ist, ist unklar. Zu schleppend f\u00fcr die anspruchsvollen Bosse kommt Hjulmand mit dem XXL-Umbruch im offiziell deklassierten \u00dcbergangsjahr voran. Trotz dieses Labels sollte es die erneute Champions-League-Qualifikation dann bitte doch sein. Und die steht auf der Kippe. W\u00e4hrend der Tabellenzweite Dortmund die Qualifikation f\u00fcr die K\u00f6nigsklasse des europ\u00e4ischen Fu\u00dfballs im Optimalfall schon am Wochenende perfekt machen kann, k\u00e4mpfen die Rheinl\u00e4nder. Vier Punkte R\u00fcckstand auf Rang vier hat die Hjulmand-Elf. <\/p>\n<p class=\"text-18 leading-17 user-text-lg:text-22 user-text-xl:text-24\">&#8222;Wir fahren mit dem gro\u00dfen Ziel dahin, um zu siegen. Das w\u00e4re ein gro\u00dfer, gro\u00dfer Push&#8220;, sagte Hjulmand, der am Donnerstag 54 Jahre alt wurde. Denn ihm und seiner Mannschaft stehen richtungsweisende, aber vor allem auch schwere Wochen bevor. Leverkusen muss nicht nur in Dortmund, sondern auch noch gegen Leipzig und Stuttgart im Endspurt ran. Neben der sportlichen geht es auch um die personelle Zukunft des Konzernclubs. Trotz des massiven Umbruchs im vergangenen Sommer mit 14 neu besetzten Kaderpl\u00e4tzen stehen schon wieder tiefgreifende Ver\u00e4nderungen an. <\/p>\n<p class=\"text-18 leading-17 user-text-lg:text-22 user-text-xl:text-24\">Bayer-Sportboss Fernando Carro hatte trotz des \u00dcbergangsjahrs das Ziel ausgerufen, &#8222;die n\u00e4chste Meistermannschaft&#8220; aufzubauen. Sportgesch\u00e4ftsf\u00fchrer Simon Rolfes betonte daraufhin: &#8222;Wir k\u00f6nnen keine Meistermannschaft wie 2024 zusammenkaufen, wir k\u00f6nnen uns keinen Florian Wirtz kaufen, den m\u00fcssen wir dann entwickeln.&#8220; Genau diese Entwicklung scheint jedoch bereits ins Stocken geraten zu sein. <\/p>\n<p class=\"text-18 leading-17 user-text-lg:text-22 user-text-xl:text-24\">Hjulmand, der im September nach nur zwei Spieltagen auf den entt\u00e4uschenden Erik ten Hag folgte, droht m\u00f6glicherweise schon &#8211; sp\u00e4testens &#8211; zum Saisonende das Aus. Nach dem schw\u00e4chsten Jahresauftakt seit 2004 schien das \u00dcbergangsjahr unter dem bis 2027 gebundenen D\u00e4nen zwischenzeitlich auf Kurs. Doch nach mehreren Patzern im Rennen um die Champions-League-Pl\u00e4tze wuchs intern zuletzt offenbar die Unzufriedenheit.<\/p>\n<p class=\"text-18 leading-17 user-text-lg:text-22 user-text-xl:text-24\">Hjulmand nimmt dies wahr und verteidigte sich: &#8222;Wenn so viele Spieler neu sind, dann braucht das Zeit. Die Spieler haben alle eine tolle Qualit\u00e4t, es braucht Zeit.&#8220; Zeit, die er wom\u00f6glich nicht mehr hat. <\/p>\n<p class=\"text-18 leading-17 user-text-lg:text-22 user-text-xl:text-24\">H\u00e4tte Leverkusen am vergangenen Wochenende aus dem zwischenzeitlichen 1:3 gegen den Vorletzten Wolfsburg nicht noch spektakul\u00e4r ein 6:3 gemacht, w\u00fcrde Hjulmand wohl schon beim <a class=\"transition-colors duration-200 cursor-pointer text-inherit no-underline text-salemsfur md:hover:text-magenta md:hover:border-magenta md:focus:text-magenta border-current border-b border-solid break-words\" data-tracking=\"{&quot;action&quot;:&quot;click&quot;,&quot;category&quot;:&quot;intextLink&quot;,&quot;label&quot;:&quot;https:\/\/www.t-online.de\/themen\/borussia-dortmund\/&quot;}\" href=\"https:\/\/www.t-online.de\/themen\/borussia-dortmund\/\" data-sctrack=\"BodyAnchor\" rel=\"nofollow noopener\" target=\"_blank\">BVB<\/a> nicht mehr auf der Bayer-Bank sitzen. Zur kommenden Saison gilt Fabian H\u00fcrzeler von Brighton &amp; Hove Albion aus der englischen Premier League als m\u00f6glicher Nachfolger.<\/p>\n","protected":false},"excerpt":{"rendered":"Fu\u00dfball-Bundesliga \u00dcbergangsjahr mit T\u00fccken: Droht Bayer der n\u00e4chste Umbruch? Aktualisiert am 10.04.2026 &#8211; 14:01 UhrLesedauer: 3 Min. Ist&hellip;\n","protected":false},"author":2,"featured_media":935226,"comment_status":"","ping_status":"","sticky":false,"template":"","format":"standard","meta":{"footnotes":"","_share_on_mastodon":"0"},"categories":[1833],"tags":[2367,181232,403,468,3364,29,217,458,485,30,107392,2375,1209,970,204293,14156],"class_list":["post-935225","post","type-post","status-publish","format-standard","has-post-thumbnail","category-dortmund","tag-bayer-04-leverkusen","tag-bayer-ag","tag-bvb","tag-champions-league","tag-de","tag-deutschland","tag-dortmund","tag-fc-bayern-muenchen","tag-fussball-bundesliga","tag-germany","tag-kasper-hjulmand","tag-leverkusen","tag-nordrhein-westfalen","tag-schlager","tag-uebergangsjahr","tag-umbruch"],"share_on_mastodon":{"url":"https:\/\/pubeurope.com\/@de\/116380376158789539","error":""},"_links":{"self":[{"href":"https:\/\/www.europesays.com\/de\/wp-json\/wp\/v2\/posts\/935225","targetHints":{"allow":["GET"]}}],"collection":[{"href":"https:\/\/www.europesays.com\/de\/wp-json\/wp\/v2\/posts"}],"about":[{"href":"https:\/\/www.europesays.com\/de\/wp-json\/wp\/v2\/types\/post"}],"author":[{"embeddable":true,"href":"https:\/\/www.europesays.com\/de\/wp-json\/wp\/v2\/users\/2"}],"replies":[{"embeddable":true,"href":"https:\/\/www.europesays.com\/de\/wp-json\/wp\/v2\/comments?post=935225"}],"version-history":[{"count":0,"href":"https:\/\/www.europesays.com\/de\/wp-json\/wp\/v2\/posts\/935225\/revisions"}],"wp:featuredmedia":[{"embeddable":true,"href":"https:\/\/www.europesays.com\/de\/wp-json\/wp\/v2\/media\/935226"}],"wp:attachment":[{"href":"https:\/\/www.europesays.com\/de\/wp-json\/wp\/v2\/media?parent=935225"}],"wp:term":[{"taxonomy":"category","embeddable":true,"href":"https:\/\/www.europesays.com\/de\/wp-json\/wp\/v2\/categories?post=935225"},{"taxonomy":"post_tag","embeddable":true,"href":"https:\/\/www.europesays.com\/de\/wp-json\/wp\/v2\/tags?post=935225"}],"curies":[{"name":"wp","href":"https:\/\/api.w.org\/{rel}","templated":true}]}}