{"id":93526,"date":"2025-05-08T05:53:09","date_gmt":"2025-05-08T05:53:09","guid":{"rendered":"https:\/\/www.europesays.com\/de\/93526\/"},"modified":"2025-05-08T05:53:09","modified_gmt":"2025-05-08T05:53:09","slug":"ueberlebende-nazi-groessen-waren-erbaermlich-historiker-im-interview-t-online","status":"publish","type":"post","link":"https:\/\/www.europesays.com\/de\/93526\/","title":{"rendered":"\u201d\u00dcberlebende Nazi-Gr\u00f6\u00dfen waren erb\u00e4rmlich\u201d: Historiker im Interview &#8211; T-Online"},"content":{"rendered":"<ol>\n<li><a href=\"https:\/\/news.google.com\/rss\/articles\/CBMiyAFBVV95cUxQU0FsNmVEandRN21GZE13TU5DUFowLUEtbzRzYnpobnJRWEFEcU5kM3FGYlNwcU9jTk9OM0s4NHA1a0FTMjhkWUR0U1JJZTNYY0djUzZyZlRqRlg5ZGxfMXZBeWNrRHZBSTlWV0pVenA0TDhyQkFiTjBYYmZoWVNaUHM2UGxZVXluZHhxbThZYTNsMW1QWDhmb1VVeWlkUEM4NEVyMWdYV2pVUG9iMmxaLVZDVUEtM1pteC1CR20zNkFQaHNNVG9KdQ?oc=5\" target=\"_blank\" rel=\"nofollow noopener\">\u201d\u00dcberlebende Nazi-Gr\u00f6\u00dfen waren erb\u00e4rmlich\u201d: Historiker im Interview<\/a>&nbsp;&nbsp;T-Online<\/li>\n<li><a href=\"https:\/\/news.google.com\/rss\/articles\/CBMioAFBVV95cUxOZmxFamxEWEwxdGkteVhiTkM1UWhBZTdScVdEYjVmMHMyYUFfUFhhSV8wblc2R3B1RlpHTm5QbmRiU0pSSkZ1RFhrT3NrV1hDelYybXgtT253cWFyM29udlA5ekowVFhhQ2Qxd0FYNFBqd3dubkl6RmNtNjRJQjlQNTEzVGZJRERqSzlaZUJOMWZuakJEcWNkMkwwdGdvemdz0gGwAUFVX3lxTE9fbzhvelFOYnowWE8ydHZnWWRZNThwckhJVHRWYWktd2FlZDdZRGNlbHkzV2RIVWJ3eXU2UzBBWTJRRXZKT0tJd2hwMHFlcWV6YUduc1BDOWNxOVpac1NXS3g3azVDVEwya2ktTkw2MXFlelpuZmxCaFZuR2duRlFMdHcwUUpoOFpPQ0NyZVFaSzdxdmhHNFFULWNXSkphODNXb0xsQndZMjN2bEc5Z0tN?oc=5\" target=\"_blank\" rel=\"nofollow noopener\">Autor \u00fcber das Kriegsende vor 80 Jahren: &#8222;Wenn man in Berlin lebt, ist der Zweite Weltkrieg auf Schritt und Tritt pr\u00e4sent&#8220;<\/a>&nbsp;&nbsp;rbb24<\/li>\n<li><a href=\"https:\/\/news.google.com\/rss\/articles\/CBMijgFBVV95cUxPR0VFcFg4cnJZRmN4S2NWa0t1aHU3aWZqMzhEVk5UUmZ4V1BiR2hvRGxHNWFxRnQxNndsY05mMU1hTnkzODlZNW05ckVQbHc5R29tMjc5cnRYNjRVU29qeVJmMlJRc1g3S2I4WVNBdXVjUEV0MFBWOEs0YldYOWVwWVE5dXFlTHFRVkIwTXBR?oc=5\" target=\"_blank\" rel=\"nofollow noopener\">Oliver Hilmes \u2013 Ein Ende und ein Anfang<\/a>&nbsp;&nbsp;SWR<\/li>\n<li><a href=\"https:\/\/news.google.com\/rss\/articles\/CBMinwFBVV95cUxNZnVQaFMxcDFqUmZ0cHFpdGQ0czRkZU5iZnBYT0F4WGQxNnF2SWhnS0tYS1RpM3Jzc2xxUmg3Nko2amNEcnM4Umh0anBYU3QzSVI4T2NlZTJOeTFTejFZUGhTcGNkN3VZbFlxcWdhajJXb05IS3JqYng2eTdhR1lmVUR3N0xJNjM5Sm1mOWtPRmJ5NmRvelpPYnZrVElVckE?oc=5\" target=\"_blank\" rel=\"nofollow noopener\">80 Jahre nach dem Ende des Zweiten Weltkriegs: Die Literatur<\/a>&nbsp;&nbsp;Berliner Morgenpost<\/li>\n<li><a href=\"https:\/\/news.google.com\/rss\/articles\/CBMi4AFBVV95cUxOUlJxX3RXRFFIb2xlYWZJOXY4RWprRlZKTlJQU0FUM3VXNk1wYmNFYVN6REpZZ002c0xLR21qUUgwMkxocFRCOXBJU21KSnoxa2lvdGJ1bU1weVNGajMwRDJhRHg3dnBJRnlGejJMT1djenVzT3JUY2ZkS25FUThrQjJ2SG1jdThiOU1nS1JsdndRSWRvMzlvTlplc2lDMnRuRXRWOGJfUmNVYmFOYXBPRmVEZFJ5Ukhfb2pWWVRaVldMQ1U5OWFHdmxISVJKRTFqR2FsdGdfYm4yUFhfM3pDYg?oc=5\" target=\"_blank\" rel=\"nofollow noopener\">80 Jahre Kriegsende: Diese drei B\u00fccher erkl\u00e4ren das Ende von Nazi-Deutschland<\/a>&nbsp;&nbsp;Handelsblatt<\/li>\n<\/ol>\n","protected":false},"excerpt":{"rendered":"\u201d\u00dcberlebende Nazi-Gr\u00f6\u00dfen waren erb\u00e4rmlich\u201d: Historiker im Interview&nbsp;&nbsp;T-Online Autor \u00fcber das Kriegsende vor 80 Jahren: &#8222;Wenn man in Berlin&hellip;\n","protected":false},"author":2,"featured_media":93527,"comment_status":"","ping_status":"","sticky":false,"template":"","format":"standard","meta":{"footnotes":"","_share_on_mastodon":"0"},"categories":[2],"tags":[3028,5791,296,38197,38198,29,38188,663,30,38191,4955,13,38187,38189,38196,4036,38193,2412,14,944,15,27760,3783,38185,319,38199,38190,12,226,38192,38194,10,8,9,11,38195,38186,2657],"class_list":["post-93526","post","type-post","status-publish","format-standard","has-post-thumbnail","category-deutschland","tag-3028","tag-adolf-hitler","tag-berlin","tag-berliner-philharmoniker","tag-cosima-wagner","tag-deutschland","tag-else-tietze","tag-europa","tag-germany","tag-gustav-senftleben","tag-harry-s-truman","tag-headlines","tag-hermann-goering","tag-julius-streicher","tag-klaus-mann","tag-london","tag-margot-bendheim","tag-margot-friedlaender","tag-nachrichten","tag-new-york","tag-news","tag-nsdap","tag-nuernberg","tag-oliver-hilmes","tag-paris","tag-reichsparteitag","tag-richard-wagner","tag-schlagzeilen","tag-t-online","tag-theresienstadt","tag-thomas-mann","tag-top-news","tag-top-meldungen","tag-topmeldungen","tag-topnews","tag-walter-von-molo","tag-winifred-wagner","tag-zweiter-weltkrieg"],"share_on_mastodon":{"url":"","error":"Validation failed: Text character limit of 500 exceeded"},"_links":{"self":[{"href":"https:\/\/www.europesays.com\/de\/wp-json\/wp\/v2\/posts\/93526","targetHints":{"allow":["GET"]}}],"collection":[{"href":"https:\/\/www.europesays.com\/de\/wp-json\/wp\/v2\/posts"}],"about":[{"href":"https:\/\/www.europesays.com\/de\/wp-json\/wp\/v2\/types\/post"}],"author":[{"embeddable":true,"href":"https:\/\/www.europesays.com\/de\/wp-json\/wp\/v2\/users\/2"}],"replies":[{"embeddable":true,"href":"https:\/\/www.europesays.com\/de\/wp-json\/wp\/v2\/comments?post=93526"}],"version-history":[{"count":0,"href":"https:\/\/www.europesays.com\/de\/wp-json\/wp\/v2\/posts\/93526\/revisions"}],"wp:featuredmedia":[{"embeddable":true,"href":"https:\/\/www.europesays.com\/de\/wp-json\/wp\/v2\/media\/93527"}],"wp:attachment":[{"href":"https:\/\/www.europesays.com\/de\/wp-json\/wp\/v2\/media?parent=93526"}],"wp:term":[{"taxonomy":"category","embeddable":true,"href":"https:\/\/www.europesays.com\/de\/wp-json\/wp\/v2\/categories?post=93526"},{"taxonomy":"post_tag","embeddable":true,"href":"https:\/\/www.europesays.com\/de\/wp-json\/wp\/v2\/tags?post=93526"}],"curies":[{"name":"wp","href":"https:\/\/api.w.org\/{rel}","templated":true}]}}