{"id":935703,"date":"2026-04-10T16:43:18","date_gmt":"2026-04-10T16:43:18","guid":{"rendered":"https:\/\/www.europesays.com\/de\/935703\/"},"modified":"2026-04-10T16:43:18","modified_gmt":"2026-04-10T16:43:18","slug":"berlin-wann-man-den-pergamonaltar-wieder-sehen-kann","status":"publish","type":"post","link":"https:\/\/www.europesays.com\/de\/935703\/","title":{"rendered":"Berlin: Wann man den Pergamonaltar wieder sehen kann"},"content":{"rendered":"<p class=\"paragraph article__item\">Nach jahrelangen Sanierungsarbeiten sollen erste Teile des Pergamonmuseums im n\u00e4chsten Fr\u00fchjahr wieder \u00f6ffnen. Sie hielten an einer Wiederer\u00f6ffnung im Fr\u00fchjahr 2027 fest, teilte die Stiftung Preu\u00dfischer Kulturbesitz (SPK) in <a class=\"rtr-entity\" href=\"https:\/\/www.zeit.de\/thema\/berlin\" rel=\"nofollow noopener\" target=\"_blank\">Berlin<\/a> fest. Dann soll auch der Saal mit dem ber\u00fchmten Pergamonaltar wieder besichtigt werden k\u00f6nnen.\n<\/p>\n<p>Aktuelles<\/p>\n<p>                <a href=\"https:\/\/www.zeit.de\/2026\/12\/energiekrise-oel-gaspreise-strasse-von-hormus\" data-ct-label=\"Energiekrise: Was tun, wenn der Irankrieg l\u00e4nger dauert, die Krise gr\u00f6\u00dfer wird?\" data-uuid=\"e77f6d24-cec3-4263-ab88-5d0e1a065333\" rel=\"nofollow noopener\" target=\"_blank\"><\/p>\n<p>        Z+ (abopflichtiger Inhalt);<\/p>\n<p>    Energiekrise:<br \/>\n                        Was tun, wenn der Irankrieg l\u00e4nger dauert, die Krise gr\u00f6\u00dfer wird?<\/p>\n<p>                <\/a><\/p>\n<p>                <a href=\"https:\/\/www.zeit.de\/politik\/ausland\/2026-04\/opec-foerderung-erdoel-iran-krise\" data-ct-label=\"Irankrieg: Opec-Staaten beschlie\u00dfen erneut erh\u00f6hte \u00d6lproduktion\" data-uuid=\"97092612-5d14-4015-9e36-b89dfc956f10\" rel=\"nofollow noopener\" target=\"_blank\"><\/p>\n<p>                        Irankrieg:<br \/>\n                        Opec-Staaten beschlie\u00dfen erneut erh\u00f6hte \u00d6lproduktion<\/p>\n<p>                <\/a><\/p>\n<p>                <a href=\"https:\/\/www.zeit.de\/politik\/ausland\/2026-03\/frankreich-kommunalwahl-buergermeister-rn\" data-ct-label=\"Frankreich: Erste Runde der franz\u00f6sischen Kommunalwahlen gestartet\" data-uuid=\"0205a3fa-88e0-42bc-9aba-7e132b355521\" rel=\"nofollow noopener\" target=\"_blank\"><\/p>\n<p>                        Frankreich:<br \/>\n                        Erste Runde der franz\u00f6sischen Kommunalwahlen gestartet<\/p>\n<p>                <\/a><\/p>\n<p class=\"paragraph article__item\">Im Jahr 2034 soll der Altarsaal dann noch einmal f\u00fcr f\u00fcnf Monate schlie\u00dfen, wie das Nachrichtenmagazin \u00abDer Spiegel\u00bb berichtete. Grund sind die weiteren Bauarbeiten, die noch bis 2037 dauern werden.\n<\/p>\n<p class=\"paragraph article__item\">Der Altarsaal werde \u00abin der zweiten Jahresh\u00e4lfte 2034\u00bb f\u00fcr voraussichtlich f\u00fcnf Monate noch einmal schlie\u00dfen, best\u00e4tigte die SPK. Die Begr\u00fcndung: Das Pergamonmuseum soll an die arch\u00e4ologische Promenade angebunden werden &#8211; sie soll vier von f\u00fcnf historischen H\u00e4usern der Museumsinsel verbinden &#8211; und es sollen Anschl\u00fcsse an den S\u00fcdfl\u00fcgel wiederhergestellt werden.\n<\/p>\n<p>        Bauarbeiten dauern noch Jahre        <\/p>\n<p class=\"paragraph article__item\">Das Pergamonmuseum in Berlin geh\u00f6rt zu den bedeutendsten Museen der Welt. Der S\u00fcdfl\u00fcgel bleibt wegen der Bauarbeiten noch mehr als ein Jahrzehnt geschlossen. Dort ist zum Beispiel das Ischtar-Tor mit der babylonischen Prozessionsstra\u00dfe untergebracht. Vollst\u00e4ndig \u00f6ffnen soll das Museum erst 2037. Das genaue Datum steht nach Angaben der SPK noch nicht fest.\n<\/p>\n<p class=\"paragraph article__item\">N\u00e4chstes Jahr sollen erste Teile wieder \u00f6ffnen. Zu Angaben des \u00abSpiegel\u00bb, m\u00f6gliche Zeitpuffer seien aufgebraucht, teilte die SPK mit, man gehe von einer Wiederer\u00f6ffnung im Fr\u00fchjahr 2027 aus. Einige Bereiche \u00f6ffnen dann nur vor\u00fcbergehend. Ein neugestalteter Zugang zum Museum &#8211; das \u00abTempietto\u00bb &#8211; soll vorerst als Durchgangsraum genutzt werden, wie die SPK mitteilte. Ab 2030 werde es noch einmal schlie\u00dfen und seine Funktion als Eingangspavillon im Ehrenhof erst nach Vollendung des Bauabschnitts B erf\u00fcllen.\n<\/p>\n<p class=\"paragraph article__item\">Auch der Schl\u00fctersaal soll laut \u00abSpiegel\u00bb ab 2032 erneut f\u00fcr mehr als f\u00fcnf Jahre schlie\u00dfen. \u00abDas ist korrekt und entspricht den bisherigen Planungen\u00bb, teilte die SPK mit. In dem Saal sollen sp\u00e4ter Objekte aller vier im Museum vertretenen Sammlungen zu sehen sein: des \u00c4gyptischen und Vorderasiatischen Museums, sowie der Antikensammlung und des Museums f\u00fcr Islamische Kunst.\n<\/p>\n<p class=\"paragraph article__item\">\u00a9 dpa-infocom, dpa:260410-930-929657\/1<\/p>\n","protected":false},"excerpt":{"rendered":"Nach jahrelangen Sanierungsarbeiten sollen erste Teile des Pergamonmuseums im n\u00e4chsten Fr\u00fchjahr wieder \u00f6ffnen. Sie hielten an einer Wiederer\u00f6ffnung&hellip;\n","protected":false},"author":2,"featured_media":935704,"comment_status":"","ping_status":"","sticky":false,"template":"","format":"standard","meta":{"footnotes":"","_share_on_mastodon":"0"},"categories":[1825],"tags":[296,29,30,15,55302,55301,16419,54935,27657],"class_list":["post-935703","post","type-post","status-publish","format-standard","has-post-thumbnail","category-berlin","tag-berlin","tag-deutschland","tag-germany","tag-news","tag-pergamonaltar","tag-pergamonmuseum","tag-sanierungsarbeit","tag-stiftung-preussischer-kulturbesitz","tag-wiedereroeffnung"],"share_on_mastodon":{"url":"https:\/\/pubeurope.com\/@de\/116381417982115054","error":""},"_links":{"self":[{"href":"https:\/\/www.europesays.com\/de\/wp-json\/wp\/v2\/posts\/935703","targetHints":{"allow":["GET"]}}],"collection":[{"href":"https:\/\/www.europesays.com\/de\/wp-json\/wp\/v2\/posts"}],"about":[{"href":"https:\/\/www.europesays.com\/de\/wp-json\/wp\/v2\/types\/post"}],"author":[{"embeddable":true,"href":"https:\/\/www.europesays.com\/de\/wp-json\/wp\/v2\/users\/2"}],"replies":[{"embeddable":true,"href":"https:\/\/www.europesays.com\/de\/wp-json\/wp\/v2\/comments?post=935703"}],"version-history":[{"count":0,"href":"https:\/\/www.europesays.com\/de\/wp-json\/wp\/v2\/posts\/935703\/revisions"}],"wp:featuredmedia":[{"embeddable":true,"href":"https:\/\/www.europesays.com\/de\/wp-json\/wp\/v2\/media\/935704"}],"wp:attachment":[{"href":"https:\/\/www.europesays.com\/de\/wp-json\/wp\/v2\/media?parent=935703"}],"wp:term":[{"taxonomy":"category","embeddable":true,"href":"https:\/\/www.europesays.com\/de\/wp-json\/wp\/v2\/categories?post=935703"},{"taxonomy":"post_tag","embeddable":true,"href":"https:\/\/www.europesays.com\/de\/wp-json\/wp\/v2\/tags?post=935703"}],"curies":[{"name":"wp","href":"https:\/\/api.w.org\/{rel}","templated":true}]}}