{"id":935853,"date":"2026-04-10T18:03:22","date_gmt":"2026-04-10T18:03:22","guid":{"rendered":"https:\/\/www.europesays.com\/de\/935853\/"},"modified":"2026-04-10T18:03:22","modified_gmt":"2026-04-10T18:03:22","slug":"berlin-wann-man-den-pergamonaltar-wieder-sehen-kann-kultur","status":"publish","type":"post","link":"https:\/\/www.europesays.com\/de\/935853\/","title":{"rendered":"Berlin &#8211; Wann man den Pergamonaltar wieder sehen kann &#8211; Kultur"},"content":{"rendered":"<p data-manual=\"paragraph\" data-schema-org-speakable=\"true\" class=\"css-1eosz7k\"><a href=\"https:\/\/www.sueddeutsche.de\/thema\/Berlin\" rel=\"nofollow noopener\" target=\"_blank\">Berlin<\/a> (dpa) &#8211; Nach jahrelangen Sanierungsarbeiten sollen erste Teile des Pergamonmuseums im n\u00e4chsten Fr\u00fchjahr wieder \u00f6ffnen. Sie hielten an einer Wiederer\u00f6ffnung im Fr\u00fchjahr 2027 fest, teilte die Stiftung Preu\u00dfischer Kulturbesitz (SPK) in Berlin fest. Dann soll auch der Saal mit dem ber\u00fchmten Pergamonaltar wieder besichtigt werden k\u00f6nnen.<\/p>\n<p data-manual=\"paragraph\" data-schema-org-speakable=\"true\" class=\"css-1eosz7k\">Im Jahr 2034 soll der Altarsaal dann noch einmal f\u00fcr f\u00fcnf Monate schlie\u00dfen, wie das Nachrichtenmagazin \u201eDer Spiegel\u201c berichtete. Grund sind die weiteren Bauarbeiten, die noch bis 2037 dauern werden.<\/p>\n<p data-manual=\"paragraph\" data-schema-org-speakable=\"true\" class=\"css-1eosz7k\">Der Altarsaal werde \u201ein der zweiten Jahresh\u00e4lfte 2034\u201c f\u00fcr voraussichtlich f\u00fcnf Monate noch einmal schlie\u00dfen, best\u00e4tigte die SPK. Die Begr\u00fcndung: Das Pergamonmuseum soll an die arch\u00e4ologische Promenade angebunden werden &#8211; sie soll vier von f\u00fcnf historischen H\u00e4usern der Museumsinsel verbinden &#8211; und es sollen Anschl\u00fcsse an den S\u00fcdfl\u00fcgel wiederhergestellt werden.<\/p>\n<p>Bauarbeiten dauern noch Jahre<\/p>\n<p data-manual=\"paragraph\" data-schema-org-speakable=\"true\" class=\"css-1eosz7k\">Das Pergamonmuseum in Berlin geh\u00f6rt zu den bedeutendsten <a href=\"https:\/\/www.sueddeutsche.de\/thema\/Museen\" rel=\"nofollow noopener\" target=\"_blank\">Museen<\/a> der Welt. Der S\u00fcdfl\u00fcgel bleibt wegen der Bauarbeiten noch mehr als ein Jahrzehnt geschlossen. Dort ist zum Beispiel das Ischtar-Tor mit der babylonischen Prozessionsstra\u00dfe untergebracht. Vollst\u00e4ndig \u00f6ffnen soll das Museum erst 2037. Das genaue Datum steht nach Angaben der SPK noch nicht fest.<\/p>\n<p><img decoding=\"async\" src=\"https:\/\/www.europesays.com\/de\/wp-content\/uploads\/2026\/04\/893a0a9a-29bd-4a7c-bc97-57fa8240197b.jpg\"   alt=\"Im n\u00e4chsten Jahr sollen erste Teile des Museums wieder \u00f6ffnen. (Archivbild)\" loading=\"lazy\" class=\"css-8atqhb\"\/>Im n\u00e4chsten Jahr sollen erste Teile des Museums wieder \u00f6ffnen. (Archivbild) Markus Lenhardt\/dpa<\/p>\n<p data-manual=\"paragraph\" data-schema-org-speakable=\"true\" class=\"css-1eosz7k\">N\u00e4chstes Jahr sollen erste Teile wieder \u00f6ffnen. Zu Angaben des \u201eSpiegel\u201c, m\u00f6gliche Zeitpuffer seien aufgebraucht, teilte die SPK mit, man gehe von einer Wiederer\u00f6ffnung im Fr\u00fchjahr 2027 aus. Einige Bereiche \u00f6ffnen dann nur vor\u00fcbergehend. Ein neugestalteter Zugang zum Museum &#8211; das \u201eTempietto\u201c &#8211; soll vorerst als Durchgangsraum genutzt werden, wie die SPK mitteilte. Ab 2030 werde es noch einmal schlie\u00dfen und seine Funktion als Eingangspavillon im Ehrenhof erst nach Vollendung des Bauabschnitts B erf\u00fcllen.<\/p>\n<p data-manual=\"paragraph\" data-schema-org-speakable=\"true\" class=\"css-1eosz7k\">Auch der Schl\u00fctersaal soll laut \u201eSpiegel\u201c ab 2032 erneut f\u00fcr mehr als f\u00fcnf Jahre schlie\u00dfen. \u201eDas ist korrekt und entspricht den bisherigen Planungen\u201c, teilte die SPK mit. In dem Saal sollen sp\u00e4ter Objekte aller vier im Museum vertretenen Sammlungen zu sehen sein: des \u00c4gyptischen und Vorderasiatischen Museums, sowie der Antikensammlung und des Museums f\u00fcr Islamische Kunst.<\/p>\n<p data-manual=\"paragraph\" data-schema-org-speakable=\"true\" class=\"css-1eosz7k\">\u00a9 dpa-infocom, dpa:260410-930-929657\/1<\/p>\n","protected":false},"excerpt":{"rendered":"Berlin (dpa) &#8211; Nach jahrelangen Sanierungsarbeiten sollen erste Teile des Pergamonmuseums im n\u00e4chsten Fr\u00fchjahr wieder \u00f6ffnen. Sie hielten&hellip;\n","protected":false},"author":2,"featured_media":935854,"comment_status":"","ping_status":"","sticky":false,"template":"","format":"standard","meta":{"footnotes":"","_share_on_mastodon":"0"},"categories":[1825],"tags":[6399,296,1173,25366,29,30,80,2147,55301,149],"class_list":["post-935853","post","type-post","status-publish","format-standard","has-post-thumbnail","category-berlin","tag-bau","tag-berlin","tag-bundesregierung","tag-denkmaeler","tag-deutschland","tag-germany","tag-kultur","tag-museen","tag-pergamonmuseum","tag-sueddeutsche-zeitung"],"share_on_mastodon":{"url":"https:\/\/pubeurope.com\/@de\/116381732625484173","error":""},"_links":{"self":[{"href":"https:\/\/www.europesays.com\/de\/wp-json\/wp\/v2\/posts\/935853","targetHints":{"allow":["GET"]}}],"collection":[{"href":"https:\/\/www.europesays.com\/de\/wp-json\/wp\/v2\/posts"}],"about":[{"href":"https:\/\/www.europesays.com\/de\/wp-json\/wp\/v2\/types\/post"}],"author":[{"embeddable":true,"href":"https:\/\/www.europesays.com\/de\/wp-json\/wp\/v2\/users\/2"}],"replies":[{"embeddable":true,"href":"https:\/\/www.europesays.com\/de\/wp-json\/wp\/v2\/comments?post=935853"}],"version-history":[{"count":0,"href":"https:\/\/www.europesays.com\/de\/wp-json\/wp\/v2\/posts\/935853\/revisions"}],"wp:featuredmedia":[{"embeddable":true,"href":"https:\/\/www.europesays.com\/de\/wp-json\/wp\/v2\/media\/935854"}],"wp:attachment":[{"href":"https:\/\/www.europesays.com\/de\/wp-json\/wp\/v2\/media?parent=935853"}],"wp:term":[{"taxonomy":"category","embeddable":true,"href":"https:\/\/www.europesays.com\/de\/wp-json\/wp\/v2\/categories?post=935853"},{"taxonomy":"post_tag","embeddable":true,"href":"https:\/\/www.europesays.com\/de\/wp-json\/wp\/v2\/tags?post=935853"}],"curies":[{"name":"wp","href":"https:\/\/api.w.org\/{rel}","templated":true}]}}