{"id":935976,"date":"2026-04-10T19:10:25","date_gmt":"2026-04-10T19:10:25","guid":{"rendered":"https:\/\/www.europesays.com\/de\/935976\/"},"modified":"2026-04-10T19:10:25","modified_gmt":"2026-04-10T19:10:25","slug":"bundesliga-spiel-live-im-tv-und-stream-sehen","status":"publish","type":"post","link":"https:\/\/www.europesays.com\/de\/935976\/","title":{"rendered":"Bundesliga-Spiel live im TV und Stream sehen"},"content":{"rendered":"<p>Bundesliga am Sonntag <\/p>\n<p>HSV beim VfB Stuttgart: Hier ist das Spiel zu sehen<\/p>\n<p>10.04.2026 &#8211; 20:04 UhrLesedauer: 1 Min.<\/p>\n<p><a href=\"#focus-0\" class=\"transition-colors duration-200 block text-current relative\" data-sctrack=\"FocusGalleryImage.Reference\"><img fetchpriority=\"high\" data-testid=\"Opener.Image\" style=\"--lqipURL:url('https:\/\/images.t-online.de\/2026\/04\/sEih6MpzEp2n\/0x209:4000x2250\/fit-in\/150x0\/filters:blur(25)\/hamburg-30-november-2025-fussball-1-bundesliga-2025-26-hamburger-sv-vfb-stuttgart-fabio-balde-hamburger-sv-45-ameen-al-dakhil-vfb-stuttgart-2-dfl-regulations-prohibit-any-use-of-photographs-as-image-sequences-and-or-quasi-video-hamburg-november-30-2025-soccer-1-bundesliga-2025-26-hamburger-sv-vfb-stuttgart-fabio-balde-hamburger-sv-45-ameen-al-dakhil-vfb-stuttgart-2-dfl-regulations-prohibit-any-use-of-photographs-as-image-sequences-and-or-quasi-video.jpg')\"   loading=\"eager\" src=\"https:\/\/www.europesays.com\/de\/wp-content\/uploads\/2026\/04\/hamburg-30-november-2025-fussball-1-bundesliga-2025-26-hamburger-sv-vfb-stuttgart-fabio-balde-hambur.jpeg\" alt=\"imago images 1069823427\" title=\"imago images 1069823427\" width=\"4000\" height=\"2250\" class=\"bg-[url:var(--lqipURL)] bg-cover bg-center flex h-full w-full max-w-full\" decoding=\"async\"\/><img style=\"--width:32;--height:32\" loading=\"lazy\" src=\"https:\/\/hamburg.t-online.de\/s\/paper\/_next\/static\/media\/zoom-in.f7dae02f.svg\" alt=\"Vergr\u00f6\u00dfern des Bildes\" title=\"Vergr\u00f6\u00dfern des Bildes\" class=\"block h-[calc(var(--height)_\/_16_*_1rem)] w-[calc(var(--width)_\/_16_*_1rem)] max-w-none absolute bottom-8 right-8 rounded-4 bg-snow p-8\" decoding=\"async\"\/><\/a><\/p>\n<p>Fabio Balde (Hamburger SV) gegen Ameen Al-Dakhil (VfB Stuttgart): Das Hinspiel gewannen die Hamburger mit 3:1. (Quelle: IMAGO\/Philipp Szyza\/imago)<\/p>\n<p class=\"font-bold text-18 leading-17 user-text-lg:text-22 user-text-xl:text-24\">Der Hamburger SV gastiert am Sonntagabend beim VfB Stuttgart. So k\u00f6nnen Fans die Bundesliga-Partie live im TV und Stream verfolgen.<\/p>\n<p class=\"text-18 leading-17 user-text-lg:text-22 user-text-xl:text-24\">F\u00fcr den <a class=\"transition-colors duration-200 cursor-pointer text-inherit no-underline text-salemsfur md:hover:text-magenta md:hover:border-magenta md:focus:text-magenta border-current border-b border-solid break-words\" data-tracking=\"{&quot;action&quot;:&quot;click&quot;,&quot;category&quot;:&quot;intextLink&quot;,&quot;label&quot;:&quot;https:\/\/www.t-online.de\/themen\/hsv\/&quot;}\" href=\"https:\/\/www.t-online.de\/themen\/hsv\/\" data-sctrack=\"BodyAnchor\" rel=\"nofollow noopener\" target=\"_blank\">HSV<\/a> geht es um den n\u00e4chsten Schritt Richtung Klassenerhalt. Beim VfB Stuttgart wartet allerdings eine der st\u00e4rksten Mannschaften der Liga.<\/p>\n<p class=\"text-18 leading-17 user-text-lg:text-22 user-text-xl:text-24\">Am Sonntag (Ansto\u00df: 17.30 Uhr) trifft der <a class=\"transition-colors duration-200 cursor-pointer text-inherit no-underline text-salemsfur md:hover:text-magenta md:hover:border-magenta md:focus:text-magenta border-current border-b border-solid break-words\" data-tracking=\"{&quot;action&quot;:&quot;click&quot;,&quot;category&quot;:&quot;intextLink&quot;,&quot;label&quot;:&quot;https:\/\/www.t-online.de\/themen\/hsv\/&quot;}\" href=\"https:\/\/www.t-online.de\/themen\/hsv\/\" data-sctrack=\"BodyAnchor\" rel=\"nofollow noopener\" target=\"_blank\">Hamburger SV<\/a> ausw\u00e4rts auf den Tabellendritten aus Stuttgart. Die Gastgeber k\u00e4mpfen um die Champions-League-Pl\u00e4tze, der HSV k\u00f6nnte mit einem Sieg einen gro\u00dfen Schritt in Richtung Klassenerhalt machen. Das Hinspiel entschieden die Hamburger spektakul\u00e4r mit 2:1 f\u00fcr sich.<\/p>\n<p class=\"text-18 leading-17 user-text-lg:text-22 user-text-xl:text-24\">Das Bundesliga-Spiel zwischen dem VfB Stuttgart und dem Hamburger SV wird auf der Streamingplattform <strong class=\"font-bold\">DAZN<\/strong> und auf dem TV-Sender <strong class=\"font-bold\">DAZN 1<\/strong> live \u00fcbertragen. Dort sind die vollen 90 Minuten inklusive Vor- und Nachberichterstattung zu sehen. Die \u00dcbertragung beginnt um 16.45 Uhr.<\/p>\n<p class=\"text-18 leading-17 user-text-lg:text-22 user-text-xl:text-24\">Als Kommentator ist Max Siebald im Einsatz. Durch die Sendung f\u00fchrt Moderator Jochen Stutzky, Experte ist Nils Petersen. F\u00fcr die DAZN-Angebote ist ein kostenpflichtiges Abonnement n\u00f6tig.<\/p>\n<p class=\"text-18 leading-17 user-text-lg:text-22 user-text-xl:text-24\">Nein, das Spiel zwischen dem VfB Stuttgart und dem Hamburger SV wird <strong class=\"font-bold\">nicht im Free-TV<\/strong> \u00fcbertragen. Die Zusammenfassung der Partie ist erst im Nachgang im frei empfangbaren Fernsehen zu sehen.<\/p>\n<p class=\"text-18 leading-17 user-text-lg:text-22 user-text-xl:text-24\">Die Streamingplattform <strong class=\"font-bold\">DAZN<\/strong> bietet \u00fcber die eigene Internetseite eine \u00dcbertragung des Spiels zwischen dem VfB Stuttgart und dem Hamburger SV an. Ebenso ist die Partie \u00fcber die <strong class=\"font-bold\">DAZN-App<\/strong> per Stream abrufbar. Auch hierf\u00fcr m\u00fcssen Interessierte bezahlen.<\/p>\n<p class=\"text-18 leading-17 user-text-lg:text-22 user-text-xl:text-24\">Kostenlose Livestreams mit schlechterer Bild- und Tonqualit\u00e4t sind im Internet ebenfalls zu finden. Die Legalit\u00e4t solcher Streams ist aber nicht garantiert.<\/p>\n","protected":false},"excerpt":{"rendered":"Bundesliga am Sonntag HSV beim VfB Stuttgart: Hier ist das Spiel zu sehen 10.04.2026 &#8211; 20:04 UhrLesedauer: 1&hellip;\n","protected":false},"author":2,"featured_media":935977,"comment_status":"","ping_status":"","sticky":false,"template":"","format":"standard","meta":{"footnotes":"","_share_on_mastodon":"0"},"categories":[1830],"tags":[722,1634,98978,1931,3364,29,30,3150,5075,1897,1441,2915],"class_list":["post-935976","post","type-post","status-publish","format-standard","has-post-thumbnail","category-stuttgart","tag-722","tag-baden-wuerttemberg","tag-balde","tag-dazn","tag-de","tag-deutschland","tag-germany","tag-hamburger-sv","tag-hsv","tag-streaming","tag-stuttgart","tag-vfb-stuttgart"],"share_on_mastodon":{"url":"https:\/\/pubeurope.com\/@de\/116381996056523206","error":""},"_links":{"self":[{"href":"https:\/\/www.europesays.com\/de\/wp-json\/wp\/v2\/posts\/935976","targetHints":{"allow":["GET"]}}],"collection":[{"href":"https:\/\/www.europesays.com\/de\/wp-json\/wp\/v2\/posts"}],"about":[{"href":"https:\/\/www.europesays.com\/de\/wp-json\/wp\/v2\/types\/post"}],"author":[{"embeddable":true,"href":"https:\/\/www.europesays.com\/de\/wp-json\/wp\/v2\/users\/2"}],"replies":[{"embeddable":true,"href":"https:\/\/www.europesays.com\/de\/wp-json\/wp\/v2\/comments?post=935976"}],"version-history":[{"count":0,"href":"https:\/\/www.europesays.com\/de\/wp-json\/wp\/v2\/posts\/935976\/revisions"}],"wp:featuredmedia":[{"embeddable":true,"href":"https:\/\/www.europesays.com\/de\/wp-json\/wp\/v2\/media\/935977"}],"wp:attachment":[{"href":"https:\/\/www.europesays.com\/de\/wp-json\/wp\/v2\/media?parent=935976"}],"wp:term":[{"taxonomy":"category","embeddable":true,"href":"https:\/\/www.europesays.com\/de\/wp-json\/wp\/v2\/categories?post=935976"},{"taxonomy":"post_tag","embeddable":true,"href":"https:\/\/www.europesays.com\/de\/wp-json\/wp\/v2\/tags?post=935976"}],"curies":[{"name":"wp","href":"https:\/\/api.w.org\/{rel}","templated":true}]}}