{"id":936006,"date":"2026-04-10T19:28:16","date_gmt":"2026-04-10T19:28:16","guid":{"rendered":"https:\/\/www.europesays.com\/de\/936006\/"},"modified":"2026-04-10T19:28:16","modified_gmt":"2026-04-10T19:28:16","slug":"ross-antony-im-portraet-alter-beruf-musik-mann-kinder-2","status":"publish","type":"post","link":"https:\/\/www.europesays.com\/de\/936006\/","title":{"rendered":"Ross Antony im Portr\u00e4t \u2013 Alter, Beruf, Musik, Mann, Kinder"},"content":{"rendered":"<p class=\"mb-6 text-xs md:text-m lg:text-l font-serif group-[.font-sans]:font-sans \">\n    <a href=\"https:\/\/www.augsburger-allgemeine.de\/panorama\/tv\/let-s-dance-2026-start-sendetermine-von-staffel-19-10-4-2026-113319794\" target=\"_self\" class=\"underline \" rel=\"nofollow noopener\">Die neunzehnte Staffel der Tanzshow \u201eLet\u2018s Dance\u201c<\/a> l\u00e4uft derzeit freitagabends im Programm von RTL. Ein weiteres Mal \u00fcbernehmen die Profit\u00e4nzerinnen und Profit\u00e4nzer die Aufgabe, den <a href=\"https:\/\/www.augsburger-allgemeine.de\/panorama\/tv\/let-s-dance-2026-kandidaten-in-staffel-19-alle-teilnehmer-im-ueberblick-10-4-2026-113349409\" target=\"_self\" class=\"underline \" rel=\"nofollow noopener\">prominenten Kandidatinnen und Kandidaten<\/a> die Kunst des Tanzens beizubringen. Jeden Freitag pr\u00e4sentieren die Promis das Erlernte dann vor den kritischen Augen der <a href=\"https:\/\/www.augsburger-allgemeine.de\/panorama\/lets-dance-jury-2025-die-juroren-vorgestellt-jorge-gonzalez-joachim-llambi-motsi-mabuse-10-4-2026-101916081\" target=\"_self\" class=\"underline \" rel=\"nofollow noopener\">\u201eLet\u2018s-Dance\u201c-Jury<\/a>, die in diesem Jahr erneut aus dem bew\u00e4hrten Trio um Motsi Mabuse, Jorge Gonz\u00e1lez und Joachim Llambi besteht. Als <a href=\"https:\/\/www.augsburger-allgemeine.de\/panorama\/lets-dance-2025-rtl-moderatoren-daniel-hartwich-und-victoria-swarowski-im-portrait-10-4-26-102043443\" target=\"_self\" class=\"underline \" rel=\"nofollow noopener\">Moderatoren-Duo<\/a> fungieren wieder Daniel Hartwich und Victoria Swarovski.\n  <\/p>\n<p class=\"mb-6 text-xs md:text-m lg:text-l font-serif group-[.font-sans]:font-sans \">\n    Zu den diesj\u00e4hrigen Promi-Tanzsch\u00fclern geh\u00f6rt auch der Musiker Ross Antony. Er geht seine neue Herausforderung mit Begeisterung und Vorfreude an, denn er sei \u201eein Superfan der ersten Stunde!\u201d, hei\u00dft es bei <a href=\"https:\/\/www.rtl.de\/sendungen\/lets-dance\/videos\/let-s-dance-2026-vom-dschungelkoenig-zum-discofox-koenig-das-ist-ross-antony-69a1ae34750a8a733203cca2.html\" rel=\"nofollow noopener\" target=\"_blank\" class=\"underline \">RTL<\/a>. Doch wer genau ist Ross Antony eigentlich? Alles Wissenswerte rund um seine Person haben wir hier in diesem Artikel zusammengefasst.\n  <\/p>\n<p>            \u201eLet\u2018s Dance\u201c 2026: Ross Antony &#8211; seinen Durchbruch feierte er mit der Band \u201eBro\u2018Sis\u201c<\/p>\n<p class=\"mb-6 text-xs md:text-m lg:text-l font-serif group-[.font-sans]:font-sans \">\n    Ross Antony wurde im Juli 1974 als Ross Anthony Catterall im englischen Bridgnorth geboren. Er kommt aus einer K\u00fcnstlerfamilie und stand bereits im Alter von drei Jahren selbst auf der B\u00fchne. Nach seinem Schulabschluss absolvierte er eine dreij\u00e4hrige Musicalausbildung und wirkte anschlie\u00dfend in verschiedenen Musicalproduktionen mit, die ihn unter anderem nach Deutschland f\u00fchrten. Im Jahr 2001 folgte f\u00fcr ihn sein Durchbruch, als er unter rund 2000 Bewerbern in der zweiten Staffel der Castingshow \u201ePopstars\u201c als Teil des Ensembles gecastet wurde. Durch die Show wurde er zu einem Mitglied der Band \u201eBro\u2018Sis\u201c, mit der er im Anschluss daran viele musikalische Erfolge feierte. Insgesamt verkaufte die Band \u00fcber vier Millionen Tontr\u00e4ger.\n  <\/p>\n<p class=\"mb-6 text-xs md:text-m lg:text-l font-serif group-[.font-sans]:font-sans \">\n    2006 l\u00f6ste sich die Gruppe schlie\u00dflich auf, doch Ross Antony blieb dem Showgesch\u00e4ft weiterhin treu. Zwei Jahre sp\u00e4ter, n\u00e4mlich im Jahr 2008, zog er ins <a href=\"https:\/\/www.augsburger-allgemeine.de\/panorama\/tv\/dschungelcamp-gewinner-2026-wer-hat-gewonnen-finale-8-2-26-113412165\" target=\"_self\" class=\"underline \" rel=\"nofollow noopener\">Dschungelcamp<\/a> und avancierte dort zum Gewinner der dritten Staffel von \u201eIBES\u201c. Im selben Jahr erschien die Single \u201eDschungel Wahnsinn\u201c von Achim Petry, an der Ross Antony sowie weitere Kandidaten aus dem <a href=\"https:\/\/www.augsburger-allgemeine.de\/produkte\/aa-dschungelcamp\" target=\"_self\" class=\"underline \" rel=\"nofollow noopener\">Dschungelcamp<\/a> beteiligt waren. Im Dezember 2011 erschien das Album \u201eTwo Ways\u201c, das der geb\u00fcrtige Brite gemeinsam mit seinem Lebenspartner Paul Reeves aufnahm. Ab 2013 begann Ross schlie\u00dflich eine Schlagerkarriere. Im Juni ver\u00f6ffentlichte er sein erstes Soloalbum unter dem Titel \u201eMeine Neue Liebe\u201c, welches \u00fcberwiegend Coverversionen deutscher Schlager enthielt.\n  <\/p>\n<p class=\"mb-6 text-xs md:text-m lg:text-l font-serif group-[.font-sans]:font-sans \">\n    Insgesamt brachte Ross Antony bislang vier Alben heraus, 2018 war er au\u00dferdem Mitglied des Benefiz-Projekts \u201eSchlagerstars f\u00fcr Kinder\u201c und nahm in diesem Rahmen das Lied \u201eAuf einmal (Weihnachtsschlager)\u201c auf. Mit dem Weihnachtslied wurde Geld f\u00fcr Kinder in Not gesammelt. 2021 nahm Ross Antony an der vierten Staffel von \u201eThe Masked Singer\u201c teil und belegte im Flamingo-Kost\u00fcm den dritten Platz in der Sendung. Parallel zu seiner Musikkarriere ist er auch als Moderator aktiv. So moderiert er unter anderem die Formate \u201eMeine Schlagerwelt \u2013 die Party mit Ross Antony\u201c (seit 2015), \u201eDie\u2013Ross\u2013Antony\u2013Show\u201c (seit 2021) und \u201eRolling \u2013 Das Quiz mit der M\u00fcnze\u201c (seit 2021).\n  <\/p>\n<p>            Bei \u201eLet\u2018s Dance\u201c 2026 will Ross Antony \u201eaus seiner Komfortzone rausspringen\u201c<\/p>\n<p class=\"mb-6 text-xs md:text-m lg:text-l font-serif group-[.font-sans]:font-sans \">\n    Hier einmal die wichtigsten Infos zu Ross Antony in einem Steckbrief zusammengefasst:\n  <\/p>\n<ul rel=\"\" class=\"[&amp;&gt;li]:relative list-none  [&amp;&gt;li]:pl-[1.2em] [&amp;&gt;li]:marker:text-[0] [&amp;&gt;li]:relative [&amp;&gt;li]:before:absolute [&amp;&gt;li]:before:w-3 [&amp;&gt;li]:before:h-3 [&amp;&gt;li]:before:bg-brand [&amp;&gt;li]:before:left-0 [&amp;&gt;li]:before:top-[8px] [&amp;&gt;li]:before:rounded-full  my-5\">\n<li class=\" mb-3 text-xs md:text-m lg:text-l\">Name: Ross Anthony Catterall, bekannt als Ross Antony<\/li>\n<li class=\" mb-3 text-xs md:text-m lg:text-l\">Beruf: Moderator, Musiker, Musicaldarsteller, Entertainer<\/li>\n<li class=\" mb-3 text-xs md:text-m lg:text-l\">Geburtsdatum: 9. Juli 1974<\/li>\n<li class=\" mb-3 text-xs md:text-m lg:text-l\">Geburtsort: Bridgnorth, Vereinigtes K\u00f6nigreich<\/li>\n<li class=\" mb-3 text-xs md:text-m lg:text-l\">Gr\u00f6\u00dfe: 1,77 m<\/li>\n<li class=\" mb-3 text-xs md:text-m lg:text-l\">Sternzeichen: Krebs<\/li>\n<li class=\" mb-3 text-xs md:text-m lg:text-l\">Instagram: <a href=\"https:\/\/www.instagram.com\/rossantonycom\/?hl=de\" rel=\"nofollow noopener\" target=\"_blank\" class=\"underline \">@rossantonycom<\/a><\/li>\n<\/ul>\n<p class=\"mb-6 text-xs md:text-m lg:text-l font-serif group-[.font-sans]:font-sans \">\n    Seit 2006 lebt Ross Antony mit dem Operns\u00e4nger Paul Reeves zusammen. Das Paar ist seit Dezember 2017 verheiratet und adoptierte gemeinsam zwei Kinder. Sein Privatleben h\u00e4lt Ross Antony aber weitgehend aus der \u00d6ffentlichkeit raus. Bei <a href=\"https:\/\/www.augsburger-allgemeine.de\/panorama\/tv\/let-s-dance-2026-uebertragung-von-staffel-19-im-tv-stream-10-4-26-113338727\" target=\"_self\" class=\"underline \" rel=\"nofollow noopener\">\u201eLet\u2018s Dance\u201c<\/a> freut sich der Entertainer besonders darauf, sich auf nahezu unbekanntes Terrain zu begeben: \u201eIch habe richtig Lust, nochmal komplett aus meiner Komfortzone rauszuspringen\u201d, erkl\u00e4rte der 51-J\u00e4hrige bereits im Vorfeld, gab aber gleichzeitig zu, gro\u00dfen Respekt vor der k\u00f6rperlichen Herausforderung, den Profis, dem Lernen unter Zeitdruck und den Liveshows zu haben.\n  <\/p>\n<p class=\"mb-6 text-xs md:text-m lg:text-l font-serif group-[.font-sans]:font-sans \">\n    Im Gro\u00dfen und Ganzen herrsche bei ihm aber vor allem Vorfreude, wie er betonte: \u201eIch freue mich auf die Musik, auf das Training, auf die \u2018Let\u2019s Dance\u2019-Family und auf diesen besonderen Mix aus Glamour und harter Arbeit.\u201d\n  <\/p>\n<ul data-module-id=\"DragDropModule\" class=\"flex flex-wrap justify-start group-[.no-bookmarks]:hidden\">\n<li class=\"mb-3 mr-3\">\n    Lea Selin Thomas<\/p>\n<p>      Icon Haken im Kreis gesetzt<\/p>\n<p>      Icon Plus im Kreis<\/p>\n<\/li>\n<li class=\"mb-3 mr-3\">\n    RTL<\/p>\n<p>      Icon Haken im Kreis gesetzt<\/p>\n<p>      Icon Plus im Kreis<\/p>\n<\/li>\n<li class=\"mb-3 mr-3\">\n    Tanzshow<\/p>\n<p>      Icon Haken im Kreis gesetzt<\/p>\n<p>      Icon Plus im Kreis<\/p>\n<\/li>\n<\/ul>\n<p>  <script async src=\"\/\/www.instagram.com\/embed.js\"><\/script><\/p>\n","protected":false},"excerpt":{"rendered":"Die neunzehnte Staffel der Tanzshow \u201eLet\u2018s Dance\u201c l\u00e4uft derzeit freitagabends im Programm von RTL. Ein weiteres Mal \u00fcbernehmen&hellip;\n","protected":false},"author":2,"featured_media":901528,"comment_status":"","ping_status":"","sticky":false,"template":"","format":"standard","meta":{"footnotes":"","_share_on_mastodon":"0"},"categories":[1773],"tags":[3537,29,933,214,30,8963,15778,7051,198029,198028,640,471,1780,641,215,3538],"class_list":["post-936006","post","type-post","status-publish","format-standard","has-post-thumbnail","category-serien","tag-daniel-hartwich","tag-deutschland","tag-dschungelcamp","tag-entertainment","tag-germany","tag-joachim-llambi","tag-jorge-gonzalez","tag-motsi-mabuse","tag-paul-reeves","tag-ross-anthony","tag-rtl","tag-serien","tag-series","tag-tanzshow","tag-unterhaltung","tag-victoria-swarovski"],"share_on_mastodon":{"url":"https:\/\/pubeurope.com\/@de\/116382066797331061","error":""},"_links":{"self":[{"href":"https:\/\/www.europesays.com\/de\/wp-json\/wp\/v2\/posts\/936006","targetHints":{"allow":["GET"]}}],"collection":[{"href":"https:\/\/www.europesays.com\/de\/wp-json\/wp\/v2\/posts"}],"about":[{"href":"https:\/\/www.europesays.com\/de\/wp-json\/wp\/v2\/types\/post"}],"author":[{"embeddable":true,"href":"https:\/\/www.europesays.com\/de\/wp-json\/wp\/v2\/users\/2"}],"replies":[{"embeddable":true,"href":"https:\/\/www.europesays.com\/de\/wp-json\/wp\/v2\/comments?post=936006"}],"version-history":[{"count":0,"href":"https:\/\/www.europesays.com\/de\/wp-json\/wp\/v2\/posts\/936006\/revisions"}],"wp:featuredmedia":[{"embeddable":true,"href":"https:\/\/www.europesays.com\/de\/wp-json\/wp\/v2\/media\/901528"}],"wp:attachment":[{"href":"https:\/\/www.europesays.com\/de\/wp-json\/wp\/v2\/media?parent=936006"}],"wp:term":[{"taxonomy":"category","embeddable":true,"href":"https:\/\/www.europesays.com\/de\/wp-json\/wp\/v2\/categories?post=936006"},{"taxonomy":"post_tag","embeddable":true,"href":"https:\/\/www.europesays.com\/de\/wp-json\/wp\/v2\/tags?post=936006"}],"curies":[{"name":"wp","href":"https:\/\/api.w.org\/{rel}","templated":true}]}}