{"id":936013,"date":"2026-04-10T19:32:17","date_gmt":"2026-04-10T19:32:17","guid":{"rendered":"https:\/\/www.europesays.com\/de\/936013\/"},"modified":"2026-04-10T19:32:17","modified_gmt":"2026-04-10T19:32:17","slug":"19-jaehriger-gewinnt-koenigsetappe-am-limit-lipowitz-liefert-sich-heisses-duell-mit-wunderkind","status":"publish","type":"post","link":"https:\/\/www.europesays.com\/de\/936013\/","title":{"rendered":"19-J\u00e4hriger gewinnt K\u00f6nigsetappe: &#8222;Am Limit&#8220;: Lipowitz liefert sich hei\u00dfes Duell mit &#8222;Wunderkind&#8220;"},"content":{"rendered":"<p>19-J\u00e4hriger gewinnt K\u00f6nigsetappe&#8220;Am Limit&#8220;: Lipowitz liefert sich hei\u00dfes Duell mit &#8222;Wunderkind&#8220;<\/p>\n<p>10.04.2026, 20:00 Uhr <\/p>\n<p>Artikel anh\u00f6ren(02:41 min)<\/p>\n<p><img decoding=\"async\" class=\"Image_img__fQCi0 Image_Img_16_9__4BLfH widget-picture-inline_maximizable__t_E7h\" loading=\"eager\" fetchpriority=\"high\" src=\"https:\/\/www.europesays.com\/de\/wp-content\/uploads\/2026\/04\/ROT-Vorne-Lipowitz-Florian-GER-Team-Red-Bull-BORA-hansgrohe-hier-vor-dem-Mann-im-Gelben-Trikot-Seixa.webp\" alt=\"ROT-Vorne-Lipowitz-Florian-GER-Team-Red-Bull-BORA-hansgrohe-hier-vor-dem-Mann-im-Gelben-Trikot-Seixas-Paul-FRA-Decathlon-CMA-CGM-Team-Im-Hintergrund-Roglic-Primoz-SLO-Team-Red-Bull-BORA-hansgrohe-Baskenland-Rundfahrt-2026-5\"\/>Florian Lipowitz konnte Paul Seixas im Gelben Trikot am Ende nicht besiegen. (Foto: picture alliance \/ Roth \/ SCA)TeilenFolgen auf:<a href=\"https:\/\/www.whatsapp.com\/channel\/0029Va5cdVJD8SDp5YZgYF01\" title=\"Auf WhatsApp folgen\" target=\"_blank\" rel=\"nofollow noopener\"><img decoding=\"async\" src=\"https:\/\/www.n-tv.de\/socialIcons\/whatsapp.svg\" alt=\"whatsapp\" class=\"ArticleShare_icon__FsrC2\"\/><\/a><a href=\"https:\/\/news.google.com\/publications\/CAAiEPMdif5mpRNxiLOeUpHCwwsqFAgKIhDzHYn-ZqUTcYiznlKRwsML?hl=de&amp;gl=DE&amp;ceid=DE%3Ade\" title=\"Auf Google News folgen\" target=\"_blank\" rel=\"nofollow noopener\"><img decoding=\"async\" src=\"https:\/\/www.n-tv.de\/socialIcons\/google.svg\" alt=\"whatsapp\" class=\"ArticleShare_icon__FsrC2\"\/><\/a><\/p>\n<p class=\"Typography_text-m__XI0da Typography_weight-bold__uT6mq storyline_lead_text_leadtext__q_wg8\">Es ist ein spannendes Duell zweier Youngster: Florian Lipowitz k\u00e4mpft sich bei der Baskenland-Rundfahrt nach vorne. Im Sprint der K\u00f6nigsetappe muss er sich dem erst 19-j\u00e4hrigen Franzosen Paul Seixas aber wieder geschlagen geben.<\/p>\n<p class=\"Typography_text-default__P3otY Typography_weight-normal__pqUbH storyline_paragraph_p__qSR5N\">Der deutsche Radprofi Florian Lipowitz hat bei der Baskenland-Rundfahrt den Sieg bei der K\u00f6nigsetappe knapp verpasst. Der Tour-Dritte vom Team Red Bull-Bora-hansgrohe musste sich \u00fcber 176,2 Kilometern rund um Eibar inklusive knapp 4000 H\u00f6henmetern und acht gewerteten Anstiegen nur dem franz\u00f6sischen &#8222;Wunderkind&#8220; Paul Seixas geschlagen geben &#8211; kletterte nach einer starken Vorstellung aber in der Gesamtwertung an seinem Teamkollegen Primoz Roglic vorbei auf Rang zwei.<\/p>\n<p class=\"Typography_text-default__P3otY Typography_weight-normal__pqUbH storyline_paragraph_p__qSR5N\">Seixas (Decathlon-CMA CGM) setzte sich nach einem langen Zweikampf erst im Zielsprint durch und feierte seinen dritten Sieg im f\u00fcnften Rennen. Der 19-J\u00e4hrige geht mit einem komfortablen Vorsprung von 2:30 Minuten auf Lipowitz in das Finale am Samstag und k\u00f6nnte sich dort zum j\u00fcngsten Sieger der Rundfahrt kr\u00f6nen. Roglic belegt im Gesamtklassement Rang drei (+3:40 Minuten), knapp vor dem Spanier Ion Izagirre (Cofidis\/+3:50).<\/p>\n<p>Lob von Seixas f\u00fcr Lipowitz<\/p>\n<p class=\"Typography_text-default__P3otY Typography_weight-normal__pqUbH storyline_paragraph_p__qSR5N\">&#8222;Es war eine harte Etappe, ich war am Limit&#8220;, sagte Seixas, der sich auf den letzten 30 Kilometer einen Zweikampf mit Lipowitz lieferte. Der Deutsche sei &#8222;sehr stark&#8220; gewesen. &#8222;Das war ein enges Rennen, chapeau&#8220;, so Seixas.<\/p>\n<p class=\"Typography_text-default__P3otY Typography_weight-normal__pqUbH storyline_paragraph_p__qSR5N\">Bei der wom\u00f6glich letzten Gelegenheit auf den Gesamtsieg versuchte Lipowitz n\u00e4mlich alles. Erstmals griff der 25-J\u00e4hrige 70 km vor dem Ziel am Krabelin, einem von drei Anstiegen der ersten Kategorie, an. Seixas jedoch konnte immer folgen. Am vorletzten Anstieg l\u00f6sten sich die Top vier der Gesamtwertung vom bereits ausged\u00fcnnten Hauptfeld, Lipowitz versuchte es noch einmal &#8211; doch Seixas blieb bis zuletzt dran und setzte die entscheidende Attacke aus dem Windschatten heraus.<\/p>\n<p class=\"Typography_text-default__P3otY Typography_weight-normal__pqUbH storyline_paragraph_p__qSR5N\">Die Schlussetappe am Samstag ist mit 135,4 km vergleichsweise kurz, bietet mit fast 3000 H\u00f6henmetern aber nochmals ein anspruchsvolles Profil. Zwischen dem Start in Goizper-Antzuola und dem Ziel in Bergara liegen sechs gewertete Anstiege. So schwer wie die Kletterpassagen am Freitag sind diese aber nicht mehr &#8211; und dennoch warnte Seixas mit Blick auf die Wettervorhersage: &#8222;Das wird nicht einfach mit dem Regen. Die anderen sind sehr stark, sie wollen gewinnen und werden wieder attackieren.&#8220;<\/p>\n<p class=\"Typography_text-s__wu_cm Typography_weight-normal__pqUbH Typography_color-darkgrey__sZEnP article-detail-footer_source__KslPc\">Quelle: ntv.de, dbe\/sid<\/p>\n","protected":false},"excerpt":{"rendered":"19-J\u00e4hriger gewinnt K\u00f6nigsetappe&#8220;Am Limit&#8220;: Lipowitz liefert sich hei\u00dfes Duell mit &#8222;Wunderkind&#8220; 10.04.2026, 20:00 Uhr Artikel anh\u00f6ren(02:41 min) Florian&hellip;\n","protected":false},"author":2,"featured_media":936014,"comment_status":"","ping_status":"","sticky":false,"template":"","format":"standard","meta":{"footnotes":"","_share_on_mastodon":"0"},"categories":[136],"tags":[29,62631,30,9408,265],"class_list":["post-936013","post","type-post","status-publish","format-standard","has-post-thumbnail","category-sport","tag-deutschland","tag-florian-lipowitz","tag-germany","tag-radsport","tag-sport"],"share_on_mastodon":{"url":"https:\/\/pubeurope.com\/@de\/116382082734853310","error":""},"_links":{"self":[{"href":"https:\/\/www.europesays.com\/de\/wp-json\/wp\/v2\/posts\/936013","targetHints":{"allow":["GET"]}}],"collection":[{"href":"https:\/\/www.europesays.com\/de\/wp-json\/wp\/v2\/posts"}],"about":[{"href":"https:\/\/www.europesays.com\/de\/wp-json\/wp\/v2\/types\/post"}],"author":[{"embeddable":true,"href":"https:\/\/www.europesays.com\/de\/wp-json\/wp\/v2\/users\/2"}],"replies":[{"embeddable":true,"href":"https:\/\/www.europesays.com\/de\/wp-json\/wp\/v2\/comments?post=936013"}],"version-history":[{"count":0,"href":"https:\/\/www.europesays.com\/de\/wp-json\/wp\/v2\/posts\/936013\/revisions"}],"wp:featuredmedia":[{"embeddable":true,"href":"https:\/\/www.europesays.com\/de\/wp-json\/wp\/v2\/media\/936014"}],"wp:attachment":[{"href":"https:\/\/www.europesays.com\/de\/wp-json\/wp\/v2\/media?parent=936013"}],"wp:term":[{"taxonomy":"category","embeddable":true,"href":"https:\/\/www.europesays.com\/de\/wp-json\/wp\/v2\/categories?post=936013"},{"taxonomy":"post_tag","embeddable":true,"href":"https:\/\/www.europesays.com\/de\/wp-json\/wp\/v2\/tags?post=936013"}],"curies":[{"name":"wp","href":"https:\/\/api.w.org\/{rel}","templated":true}]}}