{"id":936263,"date":"2026-04-10T21:53:22","date_gmt":"2026-04-10T21:53:22","guid":{"rendered":"https:\/\/www.europesays.com\/de\/936263\/"},"modified":"2026-04-10T21:53:22","modified_gmt":"2026-04-10T21:53:22","slug":"stuttgart-wangen-unfall-mit-sechs-beteiligten-autos-auf-b10-sorgt-fuer-langen-stau","status":"publish","type":"post","link":"https:\/\/www.europesays.com\/de\/936263\/","title":{"rendered":"Stuttgart-Wangen: Unfall mit sechs beteiligten Autos auf B10 sorgt f\u00fcr langen Stau"},"content":{"rendered":"<p>Am Freitagnachmittag kommt es auf der B10 bei Stuttgart-Wangen zu einem Unfall mit sechs beteiligten Fahrzeugen. Die Fahrstrecke ist teilweise gesperrt.<\/p>\n<p>Bei einem Auffahrunfall am Freitagnachmittag auf der B10 bei <a href=\"https:\/\/www.stuttgarter-nachrichten.de\/thema\/Stuttgart-Wangen\" title=\"Stuttgart-Wangen\" class=\"art_thema\" rel=\"nofollow noopener\" target=\"_blank\">Stuttgart-Wangen<\/a> ist ein Schaden in H\u00f6he von mehreren Zehntausend Euro entstanden. Insgesamt waren sechs Fahrzeuge in den <a href=\"https:\/\/www.stuttgarter-nachrichten.de\/thema\/Unfall\" title=\"Unfall\" class=\"art_thema\" rel=\"nofollow noopener\" target=\"_blank\">Unfall<\/a> verwickelt. <\/p>\n<p>Wie die <a href=\"https:\/\/www.stuttgarter-nachrichten.de\/thema\/Polizei\" title=\"Polizei\" class=\"art_thema\" rel=\"nofollow noopener\" target=\"_blank\">Polizei<\/a> mitteilt, war eine 58-j\u00e4hrige Frau gegen 15.50 Uhr mit ihrem Opel in Richtung Esslingen unterwegs, als vor ihr auf H\u00f6he \u201eAm Westkai 19\u201c ein unbekanntes Fahrzeug stark abbremste. Um einen Zusammensto\u00df zu verhindern, machte die 58-J\u00e4hrige eine Gefahrenbremsung. Der hinter ihr fahrende 27-j\u00e4hrige Seat-Fahrer erkannte dies offenbar zu sp\u00e4t und stie\u00df gegen das Heck des Opels. <\/p>\n<p>In gleicher Weise fuhren daraufhin ein 40-j\u00e4hriger BMW-Fahrer, ein 40-j\u00e4hriger Audi-Fahrer, ein 62-j\u00e4hriger Nissan-Fahrer sowie ein 37-j\u00e4hriger Mitsubishi-Fahrer jeweils aufeinander auf. Der BMW, der Audi und der Mitsubishi mussten abgeschleppt werden. Verletzt wurde bei dem Unfall niemand. F\u00fcr die Unfallaufnahme sperrte die Polizei die linke Fahrspur. In der Folge kam es zu einem langen Stau auf der B10.<\/p>\n","protected":false},"excerpt":{"rendered":"Am Freitagnachmittag kommt es auf der B10 bei Stuttgart-Wangen zu einem Unfall mit sechs beteiligten Fahrzeugen. Die Fahrstrecke&hellip;\n","protected":false},"author":2,"featured_media":936264,"comment_status":"","ping_status":"","sticky":false,"template":"","format":"standard","meta":{"footnotes":"","_share_on_mastodon":"0"},"categories":[1830],"tags":[1634,3364,29,30,204431,121,8248,1441,15389,42338,1284],"class_list":["post-936263","post","type-post","status-publish","format-standard","has-post-thumbnail","category-stuttgart","tag-baden-wuerttemberg","tag-de","tag-deutschland","tag-germany","tag-otto-konz-bruecken","tag-polizei","tag-polizeibericht-stuttgart","tag-stuttgart","tag-stuttgart-ost","tag-stuttgart-wangen","tag-unfall"],"share_on_mastodon":{"url":"https:\/\/pubeurope.com\/@de\/116382636981408356","error":""},"_links":{"self":[{"href":"https:\/\/www.europesays.com\/de\/wp-json\/wp\/v2\/posts\/936263","targetHints":{"allow":["GET"]}}],"collection":[{"href":"https:\/\/www.europesays.com\/de\/wp-json\/wp\/v2\/posts"}],"about":[{"href":"https:\/\/www.europesays.com\/de\/wp-json\/wp\/v2\/types\/post"}],"author":[{"embeddable":true,"href":"https:\/\/www.europesays.com\/de\/wp-json\/wp\/v2\/users\/2"}],"replies":[{"embeddable":true,"href":"https:\/\/www.europesays.com\/de\/wp-json\/wp\/v2\/comments?post=936263"}],"version-history":[{"count":0,"href":"https:\/\/www.europesays.com\/de\/wp-json\/wp\/v2\/posts\/936263\/revisions"}],"wp:featuredmedia":[{"embeddable":true,"href":"https:\/\/www.europesays.com\/de\/wp-json\/wp\/v2\/media\/936264"}],"wp:attachment":[{"href":"https:\/\/www.europesays.com\/de\/wp-json\/wp\/v2\/media?parent=936263"}],"wp:term":[{"taxonomy":"category","embeddable":true,"href":"https:\/\/www.europesays.com\/de\/wp-json\/wp\/v2\/categories?post=936263"},{"taxonomy":"post_tag","embeddable":true,"href":"https:\/\/www.europesays.com\/de\/wp-json\/wp\/v2\/tags?post=936263"}],"curies":[{"name":"wp","href":"https:\/\/api.w.org\/{rel}","templated":true}]}}