{"id":936324,"date":"2026-04-10T22:29:22","date_gmt":"2026-04-10T22:29:22","guid":{"rendered":"https:\/\/www.europesays.com\/de\/936324\/"},"modified":"2026-04-10T22:29:22","modified_gmt":"2026-04-10T22:29:22","slug":"salzgitter-reinigungskraft-von-familie-gefoltert-hinweisportal-eingerichtet","status":"publish","type":"post","link":"https:\/\/www.europesays.com\/de\/936324\/","title":{"rendered":"Salzgitter: Reinigungskraft von Familie gefoltert? Hinweisportal eingerichtet"},"content":{"rendered":"<p>        <img decoding=\"async\" src=\"https:\/\/www.europesays.com\/de\/wp-content\/uploads\/2026\/04\/salzgitter-146.webp.webp\" alt=\"Eine Wohnsiedlung in Niedersachsen mit identischen H\u00e4usern.\" title=\"Eine Wohnsiedlung in Niedersachsen mit identischen H\u00e4usern. | NDR, Klara Jakubzik\" class=\"responsive\"\/><\/p>\n<p>\n                Stand: 10.04.2026 19:32 Uhr<\/p>\n<p class=\"preface\">Im Fall einer mutma\u00dflich \u00fcber Jahre gefolterten Reinigungskraft sucht die Polizei Zeuginnen und Zeugen. Ermittler in Salzgitter haben jetzt ein Hinweisportal eingerichtet. <\/p>\n<p class=\"\">Tatverd\u00e4chtig sind laut Staatsanwaltschaft eine 62 Jahre alte Frau, deren 28-j\u00e4hrige Tochter sowie der 49 Jahre alte Ehemann der Mutter. Sie sollen das 32-j\u00e4hrige Opfer mehrfach schwer misshandelt haben &#8211; die Taten ereigneten sich demnach zwischen 2022 und 2026. F\u00fcr eine &#8222;l\u00fcckenlose Aufkl\u00e4rung&#8220; seien die Beh\u00f6rden nun auf Hilfe aus der Bev\u00f6lkerung angewiesen, hie\u00df es am Freitag in einem Schreiben der Polizei. Das <a href=\"https:\/\/www.ndr.de\/nachrichten\/niedersachsen\/braunschweig_harz_goettingen\/putzhilfe-104~splash.html\" title=\"Link zum Hinweisportal\" data-url=\"https:\/\/nds.hinweisportal.de\/schwere-koerperverletzung-salzgitter\" class=\"extlink-preface\" data-type=\"external\" rel=\"nofollow noopener\" target=\"_blank\">Hinweisportal<\/a> des LKA richte sich an Personen, die Kenntnisse \u00fcber die Misshandlungen haben oder weitere Zeugen namentlich kennen. Auch Videomaterial, das wom\u00f6glich die Taten zeige, k\u00f6nne hochgeladen werden, hei\u00dft es. Das ist auch anonym m\u00f6glich.<\/p>\n<p>    NDR Informationen: 49-J\u00e4hriger wegen Vergewaltigung vorbestraft<\/p>\n<p class=\"\">Die 32-J\u00e4hrige wohnte <a href=\"https:\/\/www.ndr.de\/nachrichten\/niedersachsen\/braunschweig_harz_goettingen\/haftbefehl-familie-soll-putzhilfe-in-salzgitter-gefoltert-haben,salzgitter-136.html\" title=\"Familie soll Reinigungskraft brutal gequ\u00e4lt haben\" rel=\"nofollow noopener\" target=\"_blank\">laut Dokumenten<\/a>, die dem NDR vorliegen, vor\u00fcbergehend bei der Familie und \u00fcbernahm aus Dankbarkeit Reinigungsarbeiten im Haushalt. Der Ehemann der Mutter soll die Taten zum Teil gefilmt haben &#8211; entsprechendes Material sei auf dem Handy des Mannes gefunden worden, hei\u00dft es. Der Mann soll vorbestraft sein, unter anderem wegen Vergewaltigung mit gef\u00e4hrlicher K\u00f6rperverletzung. Der 49-J\u00e4hrige sowie seine Frau und deren Tochter befinden sich in Untersuchungshaft.<\/p>\n<p>        <img decoding=\"async\" src=\"https:\/\/www.europesays.com\/de\/wp-content\/uploads\/2026\/04\/salzgitter-144.webp.webp\" alt=\"Eine Wohnsiedlung in Niedersachsen mit identischen H\u00e4usern.\" title=\"Eine Wohnsiedlung in Niedersachsen mit identischen H\u00e4usern. | NDR, Klara Jakubzik\" class=\"responsive\" loading=\"lazy\"\/><\/p>\n<p>In einem Stadtteil in Salzgitter herrscht nach der Festnahme von drei Beschuldigten Betroffenheit. Niemand habe etwas geahnt.<\/p>\n<p>        <img decoding=\"async\" src=\"https:\/\/www.europesays.com\/de\/wp-content\/uploads\/2026\/04\/salzgitter1088.webp.webp\" alt=\"Staatsanwaltschaft Braunschweig.\" title=\"Staatsanwaltschaft Braunschweig. | NDR, Peter Jagla\" class=\"responsive\" loading=\"lazy\"\/><\/p>\n<p>Gegen drei Beschuldigte wurde Haftbefehl erlassen, die schweren Misshandlungen an der Putzfrau sollen gefilmt worden sein.<\/p>\n<p>        <img decoding=\"async\" src=\"https:\/\/www.europesays.com\/de\/wp-content\/uploads\/2026\/04\/salzgitter-140.webp.webp\" alt=\"Ein Einfamilienhaus in Salzgitter, in dem eine Familie ihre Putzhilfe gefoltert haben soll.\" title=\"Ein Einfamilienhaus in Salzgitter, in dem eine Familie ihre Putzhilfe gefoltert haben soll. | NDR\" class=\"responsive\" loading=\"lazy\"\/><\/p>\n<p>Die Vorw\u00fcrfe gegen die Beschuldigten aus Salzgitter wiegen schwer. Im NDR Interview ordnet ein Kriminalpsychologe den Fall ein.<\/p>\n","protected":false},"excerpt":{"rendered":"Stand: 10.04.2026 19:32 Uhr Im Fall einer mutma\u00dflich \u00fcber Jahre gefolterten Reinigungskraft sucht die Polizei Zeuginnen und Zeugen.&hellip;\n","protected":false},"author":2,"featured_media":936325,"comment_status":"","ping_status":"","sticky":false,"template":"","format":"standard","meta":{"footnotes":"","_share_on_mastodon":"0"},"categories":[1850],"tags":[6429,3364,29,548,663,3934,2803,30,13,14,15,1411,121,204435,60225,118422,16775,12],"class_list":["post-936324","post","type-post","status-publish","format-standard","has-post-thumbnail","category-braunschweig","tag-braunschweig","tag-de","tag-deutschland","tag-eu","tag-europa","tag-europe","tag-folter","tag-germany","tag-headlines","tag-nachrichten","tag-news","tag-niedersachsen","tag-polizei","tag-putzhilfe","tag-qual","tag-reinigungskraft","tag-salzgitter","tag-schlagzeilen"],"share_on_mastodon":{"url":"https:\/\/pubeurope.com\/@de\/116382778767688164","error":""},"_links":{"self":[{"href":"https:\/\/www.europesays.com\/de\/wp-json\/wp\/v2\/posts\/936324","targetHints":{"allow":["GET"]}}],"collection":[{"href":"https:\/\/www.europesays.com\/de\/wp-json\/wp\/v2\/posts"}],"about":[{"href":"https:\/\/www.europesays.com\/de\/wp-json\/wp\/v2\/types\/post"}],"author":[{"embeddable":true,"href":"https:\/\/www.europesays.com\/de\/wp-json\/wp\/v2\/users\/2"}],"replies":[{"embeddable":true,"href":"https:\/\/www.europesays.com\/de\/wp-json\/wp\/v2\/comments?post=936324"}],"version-history":[{"count":0,"href":"https:\/\/www.europesays.com\/de\/wp-json\/wp\/v2\/posts\/936324\/revisions"}],"wp:featuredmedia":[{"embeddable":true,"href":"https:\/\/www.europesays.com\/de\/wp-json\/wp\/v2\/media\/936325"}],"wp:attachment":[{"href":"https:\/\/www.europesays.com\/de\/wp-json\/wp\/v2\/media?parent=936324"}],"wp:term":[{"taxonomy":"category","embeddable":true,"href":"https:\/\/www.europesays.com\/de\/wp-json\/wp\/v2\/categories?post=936324"},{"taxonomy":"post_tag","embeddable":true,"href":"https:\/\/www.europesays.com\/de\/wp-json\/wp\/v2\/tags?post=936324"}],"curies":[{"name":"wp","href":"https:\/\/api.w.org\/{rel}","templated":true}]}}