{"id":936430,"date":"2026-04-10T23:28:15","date_gmt":"2026-04-10T23:28:15","guid":{"rendered":"https:\/\/www.europesays.com\/de\/936430\/"},"modified":"2026-04-10T23:28:15","modified_gmt":"2026-04-10T23:28:15","slug":"die-weltpremiere-in-berlin-michael-biopic-sorgt-fuer-gaensehaut-unterhaltung","status":"publish","type":"post","link":"https:\/\/www.europesays.com\/de\/936430\/","title":{"rendered":"Die Weltpremiere in Berlin: \u201eMichael\u201c-Biopic sorgt f\u00fcr G\u00e4nsehaut | Unterhaltung"},"content":{"rendered":"<p>Mehr zum Video anzeigen <\/p>\n<p>Der King of Pop ist zur\u00fcck auf der gro\u00dfen Leinwand! In der Hauptstadt feiert das lang erwartete Biopic\u202f\u201eMichael\u201c\u202fseine spektakul\u00e4re Weltpremiere.Mehr als 5.000 G\u00e4ste, Filmcrew und Stars str\u00f6men in die Uber Eats Music Hall, der rote Teppich wird zur Hommage an eine Legende.<\/p>\n<p>Quelle: BILD, Universal, Instagram, Fotostation10.04.2026 &#8211; 21:38 Uhr <\/p>\n","protected":false},"excerpt":{"rendered":"Mehr zum Video anzeigen Der King of Pop ist zur\u00fcck auf der gro\u00dfen Leinwand! In der Hauptstadt feiert&hellip;\n","protected":false},"author":2,"featured_media":936431,"comment_status":"","ping_status":"","sticky":false,"template":"","format":"standard","meta":{"footnotes":"","_share_on_mastodon":"0"},"categories":[1825],"tags":[296,29,9892,30,21284,51909,10029,21283,95,80,810,1703,6003,14143],"class_list":["post-936430","post","type-post","status-publish","format-standard","has-post-thumbnail","category-berlin","tag-berlin","tag-deutschland","tag-entertainer","tag-germany","tag-jackson-ii-prince-michael","tag-jackson-janet","tag-jackson-michael","tag-jackson-paris-michael-katherine","tag-kino","tag-kultur","tag-musik","tag-pop","tag-premiere","tag-taenzer"],"share_on_mastodon":{"url":"https:\/\/pubeurope.com\/@de\/116383010351098581","error":""},"_links":{"self":[{"href":"https:\/\/www.europesays.com\/de\/wp-json\/wp\/v2\/posts\/936430","targetHints":{"allow":["GET"]}}],"collection":[{"href":"https:\/\/www.europesays.com\/de\/wp-json\/wp\/v2\/posts"}],"about":[{"href":"https:\/\/www.europesays.com\/de\/wp-json\/wp\/v2\/types\/post"}],"author":[{"embeddable":true,"href":"https:\/\/www.europesays.com\/de\/wp-json\/wp\/v2\/users\/2"}],"replies":[{"embeddable":true,"href":"https:\/\/www.europesays.com\/de\/wp-json\/wp\/v2\/comments?post=936430"}],"version-history":[{"count":0,"href":"https:\/\/www.europesays.com\/de\/wp-json\/wp\/v2\/posts\/936430\/revisions"}],"wp:featuredmedia":[{"embeddable":true,"href":"https:\/\/www.europesays.com\/de\/wp-json\/wp\/v2\/media\/936431"}],"wp:attachment":[{"href":"https:\/\/www.europesays.com\/de\/wp-json\/wp\/v2\/media?parent=936430"}],"wp:term":[{"taxonomy":"category","embeddable":true,"href":"https:\/\/www.europesays.com\/de\/wp-json\/wp\/v2\/categories?post=936430"},{"taxonomy":"post_tag","embeddable":true,"href":"https:\/\/www.europesays.com\/de\/wp-json\/wp\/v2\/tags?post=936430"}],"curies":[{"name":"wp","href":"https:\/\/api.w.org\/{rel}","templated":true}]}}