{"id":936450,"date":"2026-04-10T23:42:15","date_gmt":"2026-04-10T23:42:15","guid":{"rendered":"https:\/\/www.europesays.com\/de\/936450\/"},"modified":"2026-04-10T23:42:15","modified_gmt":"2026-04-10T23:42:15","slug":"galaxy-s26-im-knaller-paket-mit-samsung-tablet","status":"publish","type":"post","link":"https:\/\/www.europesays.com\/de\/936450\/","title":{"rendered":"Galaxy S26 im Knaller-Paket mit Samsung-Tablet"},"content":{"rendered":"<p data-ac=\"0-298\">Das Samsung Galaxy S26 ist bei O2 gerade im Angebot mit einem O2 Mobile L Tarif mit 100 GB+ Datenvolumen. Und dazu staubst du aktuell auch noch ein Samsung-Tablet ab. So bist du gut ausger\u00fcstet f\u00fcr den Alltag unterwegs und den Feierabend danach auf der Couch. Wir schauen uns den Deal genauer an.<\/p>\n<p>Das steckt im Tarif und das kostet dich das Galaxy S26 Bundle<\/p>\n<p data-ac=\"1-995\">Im Zentrum steht der O2 Mobile L Tarif mit 100 GB Datenvolumen im ersten Vertragsjahr. Dank Grow-Vorteil steigt das Datenvolumen jedes weitere Jahr um 10 GB pro Monat an. So hast du im zweiten Jahr bereits 110 und im dritten Jahr 120 GB zur Verf\u00fcgung. Der Tarif bringt dich dar\u00fcber hinaus ins schnelle 5G-Netz von O2. Hier surfst du mit bis zu 300 MBit\/s, was f\u00fcr kurze Ladezeiten und kaum Ruckler sorgt. Ob Streaming, mobiles Gaming oder Remote-Arbeiten \u2013 das Netz ist zuverl\u00e4ssig und schnell. Hinzu kommt au\u00dferdem eine Allnet-Flat f\u00fcr Telefonate und SMS, und EU-Roaming ist auch mit dabei. Dazu gibt\u2019s das Samsung Galaxy S26 und on top auch noch das Samsung-Tablet Galaxy Tab A11 WiFi.<\/p>\n<p data-ac=\"2-1485\">Und wie sieht\u2019s mit den Kosten aus? F\u00fcr die Ger\u00e4te zahlst du eine monatliche Rate in H\u00f6he von 47,50 Euro bei 24 Monaten Laufzeit. Hinzu kommen noch 17,49 Euro monatliche Grundgeb\u00fchr f\u00fcr den Tarif. Dadurch landest du insgesamt bei 64,99 Euro pro Monat. Einmalig musst du dann blo\u00df noch 5,99 Euro als Ger\u00e4teanzahlung und f\u00fcr den Versand einkalkulieren, den Anschlusspreis bekommst du geschenkt. Andere Anbieter lassen sich den Anschluss des Tarifs gerne mit 30 bis 40 Euro bezahlen.<\/p>\n<p>    <a class=\"article-teaser\" href=\"https:\/\/www.inside-digital.de\/news\/samsung-smartphones-bekommen-neue-emojis-diese-symbole-sind-neu\" rel=\"nofollow noopener\" target=\"_blank\"><br \/>\n      <img decoding=\"async\" loading=\"lazy\" width=\"247\" height=\"186\" class=\"entry-thumb wp-post-image\" src=\"https:\/\/www.europesays.com\/de\/wp-content\/uploads\/2026\/04\/neue-emojis-samsung-2026.jpg\"  alt=\"Samsung-Smartphones bekommen neue Emojis: Diese Symbole sind neu (Symbolbild)\" title=\"Neue Emojis f\u00fcr Samsung\"\/>      <\/p>\n<p>Jetzt weiterlesen<\/p>\n<p>\n          Samsung-Smartphones bekommen neue Emojis: Diese Symbole sind neu          <\/p>\n<p>    <\/a><\/p>\n<p>    <img decoding=\"async\" class=\"wp-worthy-pixel-img skip-lazy \" src=\"https:\/\/www.europesays.com\/de\/wp-content\/uploads\/2026\/04\/6717a014045a4cfdbe783cf7e03acff6.gif\" loading=\"eager\" data-no-lazy=\"1\" data-skip-lazy=\"1\" height=\"1\" width=\"1\" alt=\"\"\/><\/p>\n<p class=\"disclaimer-headline\">\n                            <img decoding=\"async\" src=\"https:\/\/www.inside-digital.de\/wp-content\/themes\/Newspaper-child\/images\/design\/svg\/glyphs\/glyph-shop-shopping.svg\" width=\"12px\" height=\"12px\" alt=\"glyph-sponsored-shopping-venture\"\/><br \/>\n                            <img decoding=\"async\" src=\"https:\/\/www.inside-digital.de\/wp-content\/themes\/Newspaper-child\/images\/design\/svg\/glyphs\/glyph-sponsored-shopping.svg\" width=\"12px\" height=\"12px\" alt=\"glyph-sponsored-eye\"\/><br \/>\n                            \u00dcber unsere Links\n                        <\/p>\n<p class=\"disclaimer-text\">Mit diesen Symbolen kennzeichnen wir Partner-Links.<br \/>\n                        Wenn du so einen Link oder Button anklickst oder dar\u00fcber einkaufst, erhalten wir eine kleine<br \/>\n                        Verg\u00fctung vom jeweiligen Website-Betreiber. Auf den Preis eines Kaufs hat das keine Auswirkung.<br \/>\n                        Du hilfst uns aber, inside digital weiterhin kostenlos anbieten zu k\u00f6nnen. Vielen Dank!<br \/>\n                        Preisangaben basieren auf dem Zeitpunkt der Ver\u00f6ffentlichung dieses Artikels und k\u00f6nnen Schwankungen unterliegen.<\/p>\n","protected":false},"excerpt":{"rendered":"Das Samsung Galaxy S26 ist bei O2 gerade im Angebot mit einem O2 Mobile L Tarif mit 100&hellip;\n","protected":false},"author":2,"featured_media":936451,"comment_status":"","ping_status":"","sticky":false,"template":"","format":"standard","meta":{"footnotes":"","_share_on_mastodon":"0"},"categories":[135],"tags":[29,30,38053,204449,363,368,190,189,9346,194,191,193,192],"class_list":["post-936450","post","type-post","status-publish","format-standard","has-post-thumbnail","category-wissenschaft-technik","tag-deutschland","tag-germany","tag-o2","tag-oberklasse-smartphones","tag-samsung","tag-schnaeppchen","tag-science","tag-science-technology","tag-tarife","tag-technik","tag-technology","tag-wissenschaft","tag-wissenschaft-technik"],"share_on_mastodon":{"url":"https:\/\/pubeurope.com\/@de\/116383065951608950","error":""},"_links":{"self":[{"href":"https:\/\/www.europesays.com\/de\/wp-json\/wp\/v2\/posts\/936450","targetHints":{"allow":["GET"]}}],"collection":[{"href":"https:\/\/www.europesays.com\/de\/wp-json\/wp\/v2\/posts"}],"about":[{"href":"https:\/\/www.europesays.com\/de\/wp-json\/wp\/v2\/types\/post"}],"author":[{"embeddable":true,"href":"https:\/\/www.europesays.com\/de\/wp-json\/wp\/v2\/users\/2"}],"replies":[{"embeddable":true,"href":"https:\/\/www.europesays.com\/de\/wp-json\/wp\/v2\/comments?post=936450"}],"version-history":[{"count":0,"href":"https:\/\/www.europesays.com\/de\/wp-json\/wp\/v2\/posts\/936450\/revisions"}],"wp:featuredmedia":[{"embeddable":true,"href":"https:\/\/www.europesays.com\/de\/wp-json\/wp\/v2\/media\/936451"}],"wp:attachment":[{"href":"https:\/\/www.europesays.com\/de\/wp-json\/wp\/v2\/media?parent=936450"}],"wp:term":[{"taxonomy":"category","embeddable":true,"href":"https:\/\/www.europesays.com\/de\/wp-json\/wp\/v2\/categories?post=936450"},{"taxonomy":"post_tag","embeddable":true,"href":"https:\/\/www.europesays.com\/de\/wp-json\/wp\/v2\/tags?post=936450"}],"curies":[{"name":"wp","href":"https:\/\/api.w.org\/{rel}","templated":true}]}}