{"id":936489,"date":"2026-04-11T00:03:20","date_gmt":"2026-04-11T00:03:20","guid":{"rendered":"https:\/\/www.europesays.com\/de\/936489\/"},"modified":"2026-04-11T00:03:20","modified_gmt":"2026-04-11T00:03:20","slug":"neuer-mieter-im-bahnhofsempfangsgebaeude-in-elberfeld-burgermeister-zieht-an-den-doeppersberg-blickfeld","status":"publish","type":"post","link":"https:\/\/www.europesays.com\/de\/936489\/","title":{"rendered":"Neuer Mieter im Bahnhofsempfangsgeb\u00e4ude in Elberfeld: &#8222;Burgermeister&#8220; zieht an den D\u00f6ppersberg &#8211; blickfeld"},"content":{"rendered":"<p>Die neue <strong><a href=\"https:\/\/burgermeister.com\/\" target=\"_blank\" rel=\"noreferrer noopener nofollow\">\u201eBurgermeister\u201c<\/a>-Filiale<\/strong> im ehemaligen Bahnhofsempfangsgeb\u00e4ude am <strong>D\u00f6ppersberg<\/strong> befindet sich an der Ecke von <strong>Gleis 1<\/strong> bzw. des gerade im Umbau befindlichen Bahnsteigs und des <strong>Busbahnhofs<\/strong>. Ebenerdig zug\u00e4nglich \u2013 in Zukunft auch vom Bahnsteig aus \u2013 verspr\u00fcht der Standort durch seine gr\u00fcn-wei\u00dfen Kacheln und Holz-Sitzpl\u00e4tze deutliche <strong>Berliner U-Bahnstations-Vibes<\/strong>. Darin darf die <strong>Schwebebahn <\/strong>nicht fehlen: Diese ist Teil eines Werks des <strong>Streetart-K\u00fcnstlers SEFTUS<\/strong>, mit dem die Kette in vielen ihrer Filialen kooperiert.<\/p>\n<p>Produkte aus eigener Produktion, jedoch kaum vegetarisch oder vegan<\/p>\n<p>Wir testeten unter anderem <strong>zwei Pommes- und drei Burger-Variationen<\/strong>. Die Preisspanne f\u00fcr Letztere liegt zwischen 5,20 und 9,70 Euro \u2013 am <strong>Er\u00f6ffnungswochenende <\/strong>(10. bis 12. April 2026) wird f\u00fcr diese ein <strong>Rabatt \u00fcber 50 Prozent<\/strong> gew\u00e4hrt. Ern\u00fcchternd dabei: Von <strong>acht B\u00fcrgern<\/strong>, die zur Auswahl stehen, ist lediglich <strong>einer vegetarisch<\/strong>, wobei uns diese im Geschmackstest als <strong>sehr gute Alternative zur fleischigen Variante<\/strong> \u00fcberzeugte. <strong>Vegan <\/strong>sind lediglich die <strong>\u201epuren\u201c Pommes<\/strong> (Fries) ohne Fleisch- oder K\u00e4se-Toppings. Pluspunkte sind, dass <strong>Ketchup und Mayo kostenlos<\/strong> per Spender bereitstehen und die <strong>Pommes frisch<\/strong> vor Ort hinter der Theke \u2013 wie wir live sehen konnten \u2013 geschnitten werden. Auch <strong>Burgerbr\u00f6tchen und Patties<\/strong> sollen aus eigener Produktion kommen. Im Test fallen insbesondere die Br\u00f6tchen dadurch auf, nicht einem \u201ePapp-Buns\u201c-Geschmack zu erliegen. <strong>S\u00fc\u00dfes<\/strong>, Cookies und Milchshakes, komplettieren das Angebot.<\/p>\n<p><a href=\"https:\/\/www.europesays.com\/de\/wp-content\/uploads\/2026\/04\/burgermeister-2026_002.jpg\" data-slb-active=\"1\" data-slb-asset=\"644746399\" data-slb-internal=\"0\" data-slb-group=\"47021\"><img loading=\"lazy\" decoding=\"async\" width=\"1200\" height=\"800\" data-id=\"47028\" src=\"https:\/\/www.europesays.com\/de\/wp-content\/uploads\/2026\/04\/burgermeister-2026_002.jpg\" alt=\"Im Hintergrund das Werk des Streetart-K\u00fcnstlers SEFTUS - Foto: Kevin Bertelt\" class=\"wp-image-47028\"  \/><\/a><\/p>\n<p><a href=\"https:\/\/www.europesays.com\/de\/wp-content\/uploads\/2026\/04\/burgermeister-2026_003.jpg\" data-slb-active=\"1\" data-slb-asset=\"1165442255\" data-slb-internal=\"0\" data-slb-group=\"47021\"><img loading=\"lazy\" decoding=\"async\" width=\"1200\" height=\"800\" data-id=\"47029\" src=\"https:\/\/www.europesays.com\/de\/wp-content\/uploads\/2026\/04\/burgermeister-2026_003.jpg\" alt=\"Berliner U-Bahnstations-Vibes durch gr\u00fcn-wei\u00dfe Kacheln und Holz-Sitzpl\u00e4tze - Foto: Kevin Bertelt\" class=\"wp-image-47029\"  \/><\/a><\/p>\n<p><a href=\"https:\/\/www.europesays.com\/de\/wp-content\/uploads\/2026\/04\/burgermeister-2026_004.jpg\" data-slb-active=\"1\" data-slb-asset=\"577654443\" data-slb-internal=\"0\" data-slb-group=\"47021\"><img loading=\"lazy\" decoding=\"async\" width=\"1200\" height=\"800\" data-id=\"47030\" src=\"https:\/\/www.europesays.com\/de\/wp-content\/uploads\/2026\/04\/burgermeister-2026_004.jpg\" alt=\"Die Pommes werden vor Ort in der Filiale geschnitten - Foto: Kevin Bertelt\" class=\"wp-image-47030\"  \/><\/a><\/p>\n<p><a href=\"https:\/\/www.europesays.com\/de\/wp-content\/uploads\/2026\/04\/burgermeister-2026_005.jpg\" data-slb-active=\"1\" data-slb-asset=\"1614824663\" data-slb-internal=\"0\" data-slb-group=\"47021\"><img loading=\"lazy\" decoding=\"async\" width=\"1200\" height=\"800\" data-id=\"47031\" src=\"https:\/\/www.europesays.com\/de\/wp-content\/uploads\/2026\/04\/burgermeister-2026_005.jpg\" alt=\"Au\u00dfenansicht der Burgermeister-Filiale am D\u00f6ppersberg - Foto: Kevin Bertelt\" class=\"wp-image-47031\"  \/><\/a><\/p>\n<p>Mehr Mieter und eine Schwebebahn bis zum Sommer<\/p>\n<p>Bei der Er\u00f6ffnung dabei war auch <strong>Marcus B\u00fcrger<\/strong>. Der <strong>Investor<\/strong> hat das historische Bahngeb\u00e4ude des Wuppertaler Hauptbahnhofs 2022 erworben. Das Konzept des \u201eBurgermeister\u201c, deren Produktion und Berliner Standort er pers\u00f6nlich besucht habe, beschreibt er als \u201edurchdacht und qualitativ hochwertig.\u201c Auch st\u00fcnden bereits die <strong>Nachbarn des Lokals<\/strong> fest. So sollen ein durchgehend ge\u00f6ffneter <strong>E- bzw. Automatenkiosk<\/strong> sowie das Elberfelder <strong>Kundencenter der Wuppertaler Stadtwerke (WSW)<\/strong> einziehen. Auch seien die dar\u00fcberliegenden <strong>B\u00fcror\u00e4ume <\/strong>vermietet, unter anderem an ein <strong>IT-Unternehmen<\/strong>.<\/p>\n<p><a href=\"https:\/\/www.europesays.com\/de\/wp-content\/uploads\/2026\/04\/schwebebahn-am-doeppersberg_entwurf.jpg\" data-slb-active=\"1\" data-slb-asset=\"530152063\" data-slb-internal=\"0\" data-slb-group=\"47021\"><img loading=\"lazy\" decoding=\"async\" width=\"1200\" height=\"800\" src=\"https:\/\/www.europesays.com\/de\/wp-content\/uploads\/2026\/04\/schwebebahn-am-doeppersberg_entwurf.jpg\" alt=\"\" class=\"wp-image-47034\"  \/><\/a>Entwurf aus 2022 \u2013 Renderings: Frielinghaus Sch\u00fcren Architekten \/ Marcus B\u00fcrger<\/p>\n<p>Der ehemalige <strong>Schwebebahnwagen<\/strong>, der \u00fcber den <strong>Durchgang von Gleis 1<\/strong> zwischen dem Bahngeb\u00e4ude und dem Standort der Bundespolizei das neue <strong>Highlight des Bahnhofs-Ensamble<\/strong> bilden soll, wird voraussichtlich \u2013 so B\u00fcrger \u2013 in diesem <strong>Sommer <\/strong>kommen. \u00bb<a href=\"https:\/\/www.blickfeld-wuppertal.de\/ueber-uns\/blickfeld-redaktion\" rel=\"nofollow noopener\" target=\"_blank\">mw<\/a>\u00ab<\/p>\n<p><strong>Transparenzhinweis:<\/strong> Die blickfeld-Redaktion wurde zur Er\u00f6ffnung eingeladen. Die Produkte wurden uns kostenfrei bereitgestellt. Die Berichterstattung wurde dadurch nicht beeinflusst.<\/p>\n","protected":false},"excerpt":{"rendered":"Die neue \u201eBurgermeister\u201c-Filiale im ehemaligen Bahnhofsempfangsgeb\u00e4ude am D\u00f6ppersberg befindet sich an der Ecke von Gleis 1 bzw. des&hellip;\n","protected":false},"author":2,"featured_media":936490,"comment_status":"","ping_status":"","sticky":false,"template":"","format":"standard","meta":{"footnotes":"","_share_on_mastodon":"0"},"categories":[1840],"tags":[3364,29,26873,16373,54138,6763,30,3601,133460,1209,16375,4418],"class_list":["post-936489","post","type-post","status-publish","format-standard","has-post-thumbnail","category-wuppertal","tag-de","tag-deutschland","tag-doeppersberg","tag-elberfeld","tag-gastro-tipp","tag-gastronomie","tag-germany","tag-hauptbahnhof","tag-kb","tag-nordrhein-westfalen","tag-red","tag-wuppertal"],"share_on_mastodon":{"url":"https:\/\/pubeurope.com\/@de\/116383148442491688","error":""},"_links":{"self":[{"href":"https:\/\/www.europesays.com\/de\/wp-json\/wp\/v2\/posts\/936489","targetHints":{"allow":["GET"]}}],"collection":[{"href":"https:\/\/www.europesays.com\/de\/wp-json\/wp\/v2\/posts"}],"about":[{"href":"https:\/\/www.europesays.com\/de\/wp-json\/wp\/v2\/types\/post"}],"author":[{"embeddable":true,"href":"https:\/\/www.europesays.com\/de\/wp-json\/wp\/v2\/users\/2"}],"replies":[{"embeddable":true,"href":"https:\/\/www.europesays.com\/de\/wp-json\/wp\/v2\/comments?post=936489"}],"version-history":[{"count":0,"href":"https:\/\/www.europesays.com\/de\/wp-json\/wp\/v2\/posts\/936489\/revisions"}],"wp:featuredmedia":[{"embeddable":true,"href":"https:\/\/www.europesays.com\/de\/wp-json\/wp\/v2\/media\/936490"}],"wp:attachment":[{"href":"https:\/\/www.europesays.com\/de\/wp-json\/wp\/v2\/media?parent=936489"}],"wp:term":[{"taxonomy":"category","embeddable":true,"href":"https:\/\/www.europesays.com\/de\/wp-json\/wp\/v2\/categories?post=936489"},{"taxonomy":"post_tag","embeddable":true,"href":"https:\/\/www.europesays.com\/de\/wp-json\/wp\/v2\/tags?post=936489"}],"curies":[{"name":"wp","href":"https:\/\/api.w.org\/{rel}","templated":true}]}}