{"id":936526,"date":"2026-04-11T00:26:27","date_gmt":"2026-04-11T00:26:27","guid":{"rendered":"https:\/\/www.europesays.com\/de\/936526\/"},"modified":"2026-04-11T00:26:27","modified_gmt":"2026-04-11T00:26:27","slug":"girls-boys-day-am-23-april-500-plaetze-frei","status":"publish","type":"post","link":"https:\/\/www.europesays.com\/de\/936526\/","title":{"rendered":"Girls&#8216; &#038; Boys&#8216; Day am 23. April \u2013 500 Pl\u00e4tze frei"},"content":{"rendered":"<p>Am 23. April 2026 ist Girls\u2019 und Boys\u2019 Day. In Dresden sind noch hunderte Pl\u00e4tze frei. Anmeldungen sind bis zum Start m\u00f6glich, Unternehmen k\u00f6nnen Angebote nachmelden.<\/p>\n<p>Am Donnerstag, 23. April 2026, findet bundesweit erneut der Girls\u2019 und Boys\u2019 Day statt. Der Aktionstag richtet sich an Sch\u00fclerinnen und Sch\u00fcler, die praktische Einblicke in unterschiedliche Berufsfelder gewinnen m\u00f6chten. Unternehmen, Hochschulen, Universit\u00e4ten und Organisationen \u00f6ffnen ihre T\u00fcren und bieten Workshops, Betriebsf\u00fchrungen sowie Informationsveranstaltungen an.<\/p>\n<p>In Dresden stehen laut Stand vom 9. April 2026 f\u00fcr M\u00e4dchen 90 Angebote mit rund 1.080 Pl\u00e4tzen zur Verf\u00fcgung, davon sind noch 410 frei. F\u00fcr Jungen gibt es an 49 Stellen etwa 260 Pl\u00e4tze, von denen aktuell noch 90 buchbar sind. Die<a href=\"https:\/\/www.dresden.de\/de\/leben\/gesellschaft\/gleichstellung\/girls-boys-day.php?pk_campaign=Shortcut&amp;pk_kwd=girls-boys-day\" target=\"_blank\" rel=\"nofollow noopener\"> Anmeldung ist weiterhin m\u00f6glich<\/a> und kann bis zum Veranstaltungsstart erfolgen.<\/p>\n<p>Ziel des Girls\u2019 und Boys\u2019 Day ist es, junge Menschen bei der Berufsorientierung zu unterst\u00fctzen und Geschlechterklischees in der Arbeitswelt aufzubrechen. Teilnehmende k\u00f6nnen neue Arbeitsbereiche kennenlernen und ihre Interessen gezielt erproben.<\/p>\n<p>Am Girls\u2019 Day beteiligen sich in Dresden sowohl Gro\u00dfbetriebe als auch kleinere mittelst\u00e4ndische Unternehmen sowie wissenschaftliche Einrichtungen. Beim Boys\u2019 Day reichen die Angebote unter anderem von Kinder-, Jugend- und Altenhilfe \u00fcber Einzelhandel bis hin zur Verwaltung. Unternehmen und Einrichtungen k\u00f6nnen zudem fortlaufend eigene Angebote erg\u00e4nzen.<\/p>\n","protected":false},"excerpt":{"rendered":"Am 23. April 2026 ist Girls\u2019 und Boys\u2019 Day. In Dresden sind noch hunderte Pl\u00e4tze frei. Anmeldungen sind&hellip;\n","protected":false},"author":2,"featured_media":936527,"comment_status":"","ping_status":"","sticky":false,"template":"","format":"standard","meta":{"footnotes":"","_share_on_mastodon":"0"},"categories":[1835],"tags":[3592,36716,36463,3364,29,2386,141343,30,185913,859],"class_list":["post-936526","post","type-post","status-publish","format-standard","has-post-thumbnail","category-dresden","tag-anmeldung","tag-berufsorientierung","tag-boys-day","tag-de","tag-deutschland","tag-dresden","tag-dresden-news","tag-germany","tag-girls-day","tag-sachsen"],"share_on_mastodon":{"url":"https:\/\/pubeurope.com\/@de\/116383238581419038","error":""},"_links":{"self":[{"href":"https:\/\/www.europesays.com\/de\/wp-json\/wp\/v2\/posts\/936526","targetHints":{"allow":["GET"]}}],"collection":[{"href":"https:\/\/www.europesays.com\/de\/wp-json\/wp\/v2\/posts"}],"about":[{"href":"https:\/\/www.europesays.com\/de\/wp-json\/wp\/v2\/types\/post"}],"author":[{"embeddable":true,"href":"https:\/\/www.europesays.com\/de\/wp-json\/wp\/v2\/users\/2"}],"replies":[{"embeddable":true,"href":"https:\/\/www.europesays.com\/de\/wp-json\/wp\/v2\/comments?post=936526"}],"version-history":[{"count":0,"href":"https:\/\/www.europesays.com\/de\/wp-json\/wp\/v2\/posts\/936526\/revisions"}],"wp:featuredmedia":[{"embeddable":true,"href":"https:\/\/www.europesays.com\/de\/wp-json\/wp\/v2\/media\/936527"}],"wp:attachment":[{"href":"https:\/\/www.europesays.com\/de\/wp-json\/wp\/v2\/media?parent=936526"}],"wp:term":[{"taxonomy":"category","embeddable":true,"href":"https:\/\/www.europesays.com\/de\/wp-json\/wp\/v2\/categories?post=936526"},{"taxonomy":"post_tag","embeddable":true,"href":"https:\/\/www.europesays.com\/de\/wp-json\/wp\/v2\/tags?post=936526"}],"curies":[{"name":"wp","href":"https:\/\/api.w.org\/{rel}","templated":true}]}}