{"id":936528,"date":"2026-04-11T00:27:57","date_gmt":"2026-04-11T00:27:57","guid":{"rendered":"https:\/\/www.europesays.com\/de\/936528\/"},"modified":"2026-04-11T00:27:57","modified_gmt":"2026-04-11T00:27:57","slug":"amoako-und-wagner-fehlen-beim-match-gegen-nuernberg","status":"publish","type":"post","link":"https:\/\/www.europesays.com\/de\/936528\/","title":{"rendered":"Amoako und Wagner fehlen beim Match gegen N\u00fcrnberg"},"content":{"rendered":"<p>Verletzungen und Sperrungen <\/p>\n<p>Dynamo Dresden: Diese Spieler fehlen beim Match gegen N\u00fcrnberg<\/p>\n<p>10.04.2026 &#8211; 10:25 UhrLesedauer: 1 Min.<\/p>\n<p><a href=\"#focus-0\" class=\"transition-colors duration-200 block text-current relative\" data-sctrack=\"FocusGalleryImage.Reference\"><img fetchpriority=\"high\" data-testid=\"Opener.Image\" style=\"--lqipURL:url('https:\/\/images.t-online.de\/2026\/04\/v3y5sLgk8uZm\/0x208:4000x2250\/fit-in\/150x0\/filters:blur(25)\/30-112025-xomx-fussball-2-bundesliga-dynamo-dresden-fortuna-duesseldorf-v-l-lennart-grill-dynamo-dresden-in-action-dfl-dfb-regulations-prohibit-any-use-of-photographs-as-image-sequences-and-or-quasi-video-dresden-30-11-2025-xomx-soccer-2-bundesliga-dynamo-dresden-fortuna-duesseldorf-v-l-lennart-grill-dynamo-dresden-in-action-dfl-dfb-regulations-prohibit-any-use-of-photographs-as-image-sequences-and-or-quasi-video-dresden.jpg')\"   loading=\"eager\" src=\"https:\/\/www.europesays.com\/de\/wp-content\/uploads\/2026\/04\/30-112025-xomx-fussball-2-bundesliga-dynamo-dresden-fortuna-duesseldorf-v-l-lennart-grill-dynamo-dre.jpeg\" alt=\"imago images 1069821295\" title=\"imago images 1069821295\" width=\"4000\" height=\"2250\" class=\"bg-[url:var(--lqipURL)] bg-cover bg-center flex h-full w-full max-w-full\" decoding=\"async\"\/><img style=\"--width:32;--height:32\" loading=\"lazy\" src=\"https:\/\/dresden.t-online.de\/s\/paper\/_next\/static\/media\/zoom-in.f7dae02f.svg\" alt=\"Vergr\u00f6\u00dfern des Bildes\" title=\"Vergr\u00f6\u00dfern des Bildes\" class=\"block h-[calc(var(--height)_\/_16_*_1rem)] w-[calc(var(--width)_\/_16_*_1rem)] max-w-none absolute bottom-8 right-8 rounded-4 bg-snow p-8\" decoding=\"async\"\/><\/a><\/p>\n<p>Lennart Grill von Dynamo in Aktion (Archivbild): Er fehlt wegen einer Verletzung weiter im Kader. (Quelle: IMAGO\/Oliver Mueller\/imago)<\/p>\n<p class=\"font-bold text-18 leading-17 user-text-lg:text-22 user-text-xl:text-24\">Nach dem Krawallspiel gegen Hertha BSC geht es f\u00fcr Dynamo am Wochenende nach N\u00fcrnberg. Doch der Verein muss auf einige Spieler verzichten.<\/p>\n<p class=\"text-18 leading-17 user-text-lg:text-22 user-text-xl:text-24\">Beim kommenden Ausw\u00e4rtsspiel von <a class=\"transition-colors duration-200 cursor-pointer text-inherit no-underline text-salemsfur md:hover:text-magenta md:hover:border-magenta md:focus:text-magenta border-current border-b border-solid break-words\" data-tracking=\"{&quot;action&quot;:&quot;click&quot;,&quot;category&quot;:&quot;intextLink&quot;,&quot;label&quot;:&quot;https:\/\/www.t-online.de\/themen\/dynamo-dresden\/&quot;}\" href=\"https:\/\/www.t-online.de\/themen\/dynamo-dresden\/\" data-sctrack=\"BodyAnchor\" rel=\"nofollow noopener\" target=\"_blank\">Dynamo Dresden<\/a> in N\u00fcrnberg m\u00fcssen einige wichtige Spieler aussetzen. Nach Angaben des s\u00e4chsischen Vereins fallen neben Torh\u00fcter Lennart Grill auch Elias Bethke und Vinko \u0160apina verletzungsbedingt aus.<\/p>\n<p class=\"text-18 leading-17 user-text-lg:text-22 user-text-xl:text-24\">Doch nicht nur Verletzungen schaffen Personalmangel: Sowohl Kofi Amoako und Robert Wagner kassierten f\u00fcnf gelbe Karten und sind f\u00fcr das Spiel gegen den 1. FC N\u00fcrnberg gesperrt.<\/p>\n<p class=\"text-18 leading-17 user-text-lg:text-22 user-text-xl:text-24\">Bei zwei Spielern ist es noch unklar, ob sie auf dem Feld stehen werden. &#8222;Hinter den Eins\u00e4tzen von Niklas Hauptmann und Thomas Keller steht zudem noch ein Fragezeichen&#8220;, teilte der Verein mit.<\/p>\n<p class=\"text-18 leading-17 user-text-lg:text-22 user-text-xl:text-24\">Trainer Thomas Stamm blickt dennoch optimistisch auf das Spiel: &#8222;Ich bin \u00fcberzeugt, dass wir gute L\u00f6sungen f\u00fcr das Wochenende haben werden&#8220;. Beim Ausw\u00e4rtsspiel wird der Fokus aber wohl nicht nur auf der Mannschaft liegen \u2013 sondern auch auf den Fans.<\/p>\n<p class=\"text-18 leading-17 user-text-lg:text-22 user-text-xl:text-24\">Denn am vergangenen Spieltag gegen Hertha BSC in Dresden ist es zu Krawallen durch beide Fanlager gekommen. Dabei wurde Pyrotechnik gez\u00fcndet, einige Fans st\u00fcrmten den Platz. Polizisten mussten einschreiten und die Fans zur\u00fcckdr\u00e4ngen. Das Spiel musste zweimal unterbrochen werden. Die Polizei gr\u00fcndete eine eigene Ermittlungsgruppe und leitete Verfahren ein. <a class=\"transition-colors duration-200 cursor-pointer text-inherit no-underline text-salemsfur md:hover:text-magenta md:hover:border-magenta md:focus:text-magenta border-current border-b border-solid break-words\" data-tracking=\"{&quot;action&quot;:&quot;click&quot;,&quot;category&quot;:&quot;intextLink&quot;,&quot;label&quot;:&quot;\/region\/dresden\/id_101201990\/dynamo-dresden-vs-hertha-bsc-krawalle-politiker-fordern-konsequenzen.html&quot;}\" href=\"https:\/\/dresden.t-online.de\/region\/dresden\/id_101201990\/dynamo-dresden-vs-hertha-bsc-krawalle-politiker-fordern-konsequenzen.html\" data-sctrack=\"BodyAnchor\" rel=\"nofollow noopener\" target=\"_blank\">Mehr dazu hier.<\/a><\/p>\n<p class=\"text-18 leading-17 user-text-lg:text-22 user-text-xl:text-24\">Die Polizeigewerkschaft forderte, solche Spiele zuk\u00fcnftig ohne Zuschauer stattfinden zu lassen. Auch zahlreiche Politiker sowie die beiden Vereine verurteilten die Krawalle.<\/p>\n","protected":false},"excerpt":{"rendered":"Verletzungen und Sperrungen Dynamo Dresden: Diese Spieler fehlen beim Match gegen N\u00fcrnberg 10.04.2026 &#8211; 10:25 UhrLesedauer: 1 Min.&hellip;\n","protected":false},"author":2,"featured_media":936529,"comment_status":"","ping_status":"","sticky":false,"template":"","format":"standard","meta":{"footnotes":"","_share_on_mastodon":"0"},"categories":[1835],"tags":[783,3364,29,2386,3766,97309,30,3140,70774,204459,75908,3783,52618,859,2224,6319],"class_list":["post-936528","post","type-post","status-publish","format-standard","has-post-thumbnail","category-dresden","tag-1-fc-nuernberg","tag-de","tag-deutschland","tag-dresden","tag-dynamo-dresden","tag-elias-bethke","tag-germany","tag-hertha-bsc-berlin","tag-kofi-amoako","tag-krawallspiel","tag-lennart-grill","tag-nuernberg","tag-robert-wagner","tag-sachsen","tag-sperrung","tag-verletzung"],"share_on_mastodon":{"url":"https:\/\/pubeurope.com\/@de\/116383246372381982","error":""},"_links":{"self":[{"href":"https:\/\/www.europesays.com\/de\/wp-json\/wp\/v2\/posts\/936528","targetHints":{"allow":["GET"]}}],"collection":[{"href":"https:\/\/www.europesays.com\/de\/wp-json\/wp\/v2\/posts"}],"about":[{"href":"https:\/\/www.europesays.com\/de\/wp-json\/wp\/v2\/types\/post"}],"author":[{"embeddable":true,"href":"https:\/\/www.europesays.com\/de\/wp-json\/wp\/v2\/users\/2"}],"replies":[{"embeddable":true,"href":"https:\/\/www.europesays.com\/de\/wp-json\/wp\/v2\/comments?post=936528"}],"version-history":[{"count":0,"href":"https:\/\/www.europesays.com\/de\/wp-json\/wp\/v2\/posts\/936528\/revisions"}],"wp:featuredmedia":[{"embeddable":true,"href":"https:\/\/www.europesays.com\/de\/wp-json\/wp\/v2\/media\/936529"}],"wp:attachment":[{"href":"https:\/\/www.europesays.com\/de\/wp-json\/wp\/v2\/media?parent=936528"}],"wp:term":[{"taxonomy":"category","embeddable":true,"href":"https:\/\/www.europesays.com\/de\/wp-json\/wp\/v2\/categories?post=936528"},{"taxonomy":"post_tag","embeddable":true,"href":"https:\/\/www.europesays.com\/de\/wp-json\/wp\/v2\/tags?post=936528"}],"curies":[{"name":"wp","href":"https:\/\/api.w.org\/{rel}","templated":true}]}}