{"id":936548,"date":"2026-04-11T00:40:16","date_gmt":"2026-04-11T00:40:16","guid":{"rendered":"https:\/\/www.europesays.com\/de\/936548\/"},"modified":"2026-04-11T00:40:16","modified_gmt":"2026-04-11T00:40:16","slug":"bargeld-gestohlen-mit-einem-messer-bedroht-mann-wurde-in-esslingen-ausgeraubt","status":"publish","type":"post","link":"https:\/\/www.europesays.com\/de\/936548\/","title":{"rendered":"Bargeld gestohlen: Mit einem Messer bedroht: Mann wurde in Esslingen ausgeraubt"},"content":{"rendered":"<p> Ein Passant ist nach Polizeiangaben am Mittwochabend in der Neckarstra\u00dfe in <a href=\"https:\/\/www.stuttgarter-zeitung.de\/thema\/Esslingen\" title=\"Esslingen\" class=\"art_thema\" rel=\"nofollow noopener\" target=\"_blank\">Esslingen<\/a> ausgeraubt worden. Die <a href=\"https:\/\/www.stuttgarter-zeitung.de\/thema\/Polizei\" title=\"Polizei\" class=\"art_thema\" rel=\"nofollow noopener\" target=\"_blank\">Polizei<\/a> sucht nach Zeugen f\u00fcr den Vorfall. <\/p>\n<p>Ein 67-J\u00e4hriger soll der Medieninfo zu Folge gegen 22.10 Uhr an der Bushaltestelle am Pliensauturm auf den Bus gewartet haben. Drei Unbekannte seien dann zielgerichtet auf den Mann zugegangen. Einer der M\u00e4nner soll den Wartenden mit einem Messer bedroht und ihm seine Geldb\u00f6rse geraubt haben. Die beiden anderen T\u00e4ter sollen den Passanten w\u00e4hrend dieser Zeit festgehalten haben. Das Trio entnahm laut Polizei das Bargeld aus der B\u00f6rse, warf das Portemonnaie weg und fl\u00fcchtete in Richtung Esslinger Bahnhof. <\/p>\n<p>Die Polizei sucht nach Zeugen f\u00fcr den Vorfall  <\/p>\n<p> Der Angreifer wird als etwa 35 bis 40 Jahre alt, ungef\u00e4hr 170 Zentimeter gro\u00df und von sportlicher Figur beschrieben. Er habe einen schwarzen, etwa 10 bis 15 Zentimeter langen Vollbart, durchsetzt mit einzelnen grauen Haaren, und braune Augen. Bekleidet sei er mit einer schwarzen Wollm\u00fctze, einer schwarzen, bis \u00fcber das Ges\u00e4\u00df reichenden Lederjacke und schwarzen Sportstiefeln gewesen. Von seinen beiden Komplizen sei nur bekannt, dass sie schwarz gekleidet gewesen sein sollen. <\/p>\n<p>Hinweise nimmt die Kriminalpolizeidirektion Esslingen unter der Rufnummer 0711\/3\u200a99\u200a00 entgegen. <\/p>\n","protected":false},"excerpt":{"rendered":"Ein Passant ist nach Polizeiangaben am Mittwochabend in der Neckarstra\u00dfe in Esslingen ausgeraubt worden. Die Polizei sucht nach&hellip;\n","protected":false},"author":2,"featured_media":936549,"comment_status":"","ping_status":"","sticky":false,"template":"","format":"standard","meta":{"footnotes":"","_share_on_mastodon":"0"},"categories":[1830],"tags":[1634,1950,204463,3364,29,3439,30,204464,204462,121,67130,3440,5321,1441,5310],"class_list":["post-936548","post","type-post","status-publish","format-standard","has-post-thumbnail","category-stuttgart","tag-baden-wuerttemberg","tag-blaulicht","tag-bushaltestelle-esslingen","tag-de","tag-deutschland","tag-esslingen","tag-germany","tag-mann-ueberfallen","tag-neckarstrasse-esslingen","tag-polizei","tag-polizei-region-stuttgart","tag-polizeibericht-region-stuttgart","tag-stadt-esslingen","tag-stuttgart","tag-ueberfall"],"share_on_mastodon":{"url":"https:\/\/pubeurope.com\/@de\/116383293623613824","error":""},"_links":{"self":[{"href":"https:\/\/www.europesays.com\/de\/wp-json\/wp\/v2\/posts\/936548","targetHints":{"allow":["GET"]}}],"collection":[{"href":"https:\/\/www.europesays.com\/de\/wp-json\/wp\/v2\/posts"}],"about":[{"href":"https:\/\/www.europesays.com\/de\/wp-json\/wp\/v2\/types\/post"}],"author":[{"embeddable":true,"href":"https:\/\/www.europesays.com\/de\/wp-json\/wp\/v2\/users\/2"}],"replies":[{"embeddable":true,"href":"https:\/\/www.europesays.com\/de\/wp-json\/wp\/v2\/comments?post=936548"}],"version-history":[{"count":0,"href":"https:\/\/www.europesays.com\/de\/wp-json\/wp\/v2\/posts\/936548\/revisions"}],"wp:featuredmedia":[{"embeddable":true,"href":"https:\/\/www.europesays.com\/de\/wp-json\/wp\/v2\/media\/936549"}],"wp:attachment":[{"href":"https:\/\/www.europesays.com\/de\/wp-json\/wp\/v2\/media?parent=936548"}],"wp:term":[{"taxonomy":"category","embeddable":true,"href":"https:\/\/www.europesays.com\/de\/wp-json\/wp\/v2\/categories?post=936548"},{"taxonomy":"post_tag","embeddable":true,"href":"https:\/\/www.europesays.com\/de\/wp-json\/wp\/v2\/tags?post=936548"}],"curies":[{"name":"wp","href":"https:\/\/api.w.org\/{rel}","templated":true}]}}