{"id":936615,"date":"2026-04-11T01:17:27","date_gmt":"2026-04-11T01:17:27","guid":{"rendered":"https:\/\/www.europesays.com\/de\/936615\/"},"modified":"2026-04-11T01:17:27","modified_gmt":"2026-04-11T01:17:27","slug":"cashewkerne-von-lidl-stehen-auf-der-boykottliste","status":"publish","type":"post","link":"https:\/\/www.europesays.com\/de\/936615\/","title":{"rendered":"Cashewkerne von Lidl stehen auf der Boykottliste"},"content":{"rendered":"<p><a title=\"Cashewkerne auf der Boykottliste\" href=\"https:\/\/neue-gladbecker-zeitung.de\/cashewkerne-von-lidl-stehen-auf-der-boykottliste\/cashewkerne-auf-der-boykottliste_ergebnis\/\" rel=\"nofollow noopener\" target=\"_blank\"><img fetchpriority=\"high\" width=\"678\" height=\"381\" src=\"https:\/\/www.europesays.com\/de\/wp-content\/uploads\/2026\/04\/Cashewkerne-auf-der-Boykottliste_ergebnis.webp.webp\" class=\"attachment-mh-magazine-content size-mh-magazine-content wp-post-image\" alt=\"Cashewkerne stehen auf der Boykottliste\" title=\"Cashewkerne auf der Boykottliste\" loading=\"eager\" decoding=\"async\"  \/><\/a><br \/>\nDie App NO! Thanks r\u00e4t vom Kauf dieser Cashewkerne ab. Sie stehen auf der pal\u00e4stinensischen Boykottliste: Foto: Neue Gladbecker Zeitung<\/p>\n<p>Mit der NO! Thanks \u2013 App k\u00f6nnen Sie helfen, Israel zu stoppen<\/p>\n<p><strong>Gladbeck \u2013 10.04.2026 \u2013 Cashewkerne<\/strong>\u00a0\u2013\u00a0\u201eDer genozidale Terror- und Apartheidstaat Israel mit seiner v\u00f6lkischen Blut- und Bodenideologie ist ein Anachronismus im 21. Jahrhundert und muss umfassend boykottiert &amp; sanktioniert werden\u201c, schreibt ein X (Twitter)-Nutzer. Starker Tobak k\u00f6nnte man meinen und vor wenigen Jahren h\u00e4tte der Mann evtl. noch einen Hausbesuch vom Staatsschutz bekommen.<\/p>\n<p>Schlie\u00dflich galt bisher Kritik an Israel als Versto\u00df gegen die <strong><a style=\"color: #ff0000;\" href=\"https:\/\/www.tagesschau.de\/faktenfinder\/kontext\/deutschland-staatsraeson-israel-100.html\" rel=\"nofollow noopener\" target=\"_blank\">Deutsche Staatsr\u00e4son<\/a><\/strong>. Doch die Zeiten \u00e4ndern sich. Der von Deutschland immer noch mit Waffen und U-Booten belieferte Unrechtsstaat geb\u00e4rdet sich inzwischen im nahen Osten wie ein wildes Tier, das um sich bei\u00dft. V\u00f6lkerrechtsbr\u00fcche, Genozide, Kriegsverbrechen, Vertreibung anderer V\u00f6lker geh\u00f6ren zum Tagesgesch\u00e4ft der Israelis.<\/p>\n<p>Der Rest der Politiker, wie zum Beispiel <strong>Volker Beck<\/strong> von den <strong><a style=\"color: #ff0000;\" href=\"https:\/\/www.gruene.de\" target=\"_blank\" rel=\"noopener nofollow\">Gr\u00fcnen<\/a><\/strong>, die immer noch ihre Hand sch\u00fctzend \u00fcber diesen Staat halten, betonen, dass es sich schlie\u00dflich um die einzige Demokratie im Nahen Osten handeln w\u00fcrde. Dass sie damit aber die Mehrzahl der Israelis in Mithaftung nehmen, bemerken solche Leute scheinbar nicht. Denn in Demokratien ist es in der Regel so, dass jemand die Regierung stellt, der die Mehrheit der Bev\u00f6lkerung aufgrund von Wahlen hinter sich hat. Und dieser Jemand ist in diesem Fall ein Kriegsverbrecher, den der <strong><a style=\"color: #ff0000;\" href=\"https:\/\/de.wikipedia.org\/wiki\/Internationaler_Gerichtshof\" target=\"_blank\" rel=\"noopener nofollow\">Internationale Gerichtshof<\/a><\/strong> zur Fahndung ausgeschrieben hat.<\/p>\n<p>Die NGZ-News aus Gladbeck immer sofort auf das Handy?<br \/>Dann abonniere kostenlos den <a style=\"color: #ff0000;\" href=\"https:\/\/whatsapp.com\/channel\/0029VaAJZdH8F2pIH21PF72X\" target=\"_blank\" rel=\"noopener nofollow\">WhatsApp-Kanal<\/a><br \/>\nDie Gladbecker Zusammenfassung des Tages der NGZ?<br \/>Dann abonniere den kostenlosen <a href=\"https:\/\/neue-gladbecker-zeitung.de\/newsletter-2\/\" target=\"_blank\" rel=\"noopener nofollow\"><strong>Newsletter<\/strong><\/a><br \/>\nFolgen Sie uns auf Facebook: <strong><a style=\"color: #ff0000;\" href=\"https:\/\/www.facebook.com\/NeueGladbeckerZeitung\/\" target=\"_blank\" rel=\"noopener nofollow\">NeueGladbeckerZeitung<\/a><\/strong><\/p>\n<p>Von unserer Regierung ist keine Hilfe zu erwarten. Merz hat den israelischen Staatschef Netanjahu sogar noch nach dem Fahndungsaufruf nach Deutschland eingeladen und erst vor 10 Tagen hatte er den syrischen Staatschef zu Besuch, der (als IS-Verbrecher) lange Zeit auf der internationalen Terroristenfahndungsliste stand. Mit ihm vereinbarte Merz die Re-Migration von 80 % der Syrer, die sich z.Z. in Deutschland aufhalten. Merz nennt den Vorgang nur anders als die AfD.<\/p>\n<p>Deshalb m\u00fcssen wir nun selbst Druck machen und mit den Cashewkernen anfangen<br \/>\n<img loading=\"lazy\" decoding=\"async\" class=\"wp-image-45414 size-full\" src=\"https:\/\/www.europesays.com\/de\/wp-content\/uploads\/2026\/04\/Cashewkerne.webp.webp\" alt=\"Cashewkerne von der Boykottliste\" width=\"300\" height=\"586\"  \/>Diese Cashewkerne von Lidl stehen auf der Boykottliste. Foto: Scann mit NO! Thanks<\/p>\n<p>Dabei hilft die <strong>App NO! Tanks. <\/strong>Sie gibt es f\u00fcr Android und Apple-Smartphones. Mit der App k\u00f6nnen Sie beim Einkauf von Lebensmitteln den Barcode der Ware scannen und sofort wird Ihnen angezeigt, ob der Artikel auf der pal\u00e4stinensischen Boykottliste gegen Israel steht. \u00dcbrigens, Cashewkerne k\u00f6nnen in dieser Liste erscheinen.<\/p>\n<p>Ich habe heute unseren Vorratsschrank mit der App \u00fcberpr\u00fcft und als einzigen Artikel, der auf der Boykottliste steht, die <strong>Cashewkerne von Lidl<\/strong> entdeckt.<\/p>\n<p><strong>Die App sagt dazu:<\/strong> \u201eDieses Produkt steht auf der pal\u00e4stinensischen Boykottliste.\u201c<\/p>\n<p>\u201eDer Family-Office-Fonds Zukunftsland Heilbronn (ZFHN) von Dieter Schwarz bereitet Investitionen in Millionenh\u00f6he in israelische Technologien vor. Der Fonds plant, zwischen 500.000 und mehreren Millionen Dollar in Israel zu investieren.\u201c Der Import von Cashewkerne wird oft diskutiert, wenn wirtschaftliche Aktivit\u00e4ten im Fokus stehen.<\/p>\n<p>Die kostenlose App gibt es f\u00fcr Android im <strong>Play Store<\/strong> unter <strong>\u201eno thanks app\u201c<\/strong> und f\u00fcr Apple rufen Sie den <strong>App Store<\/strong> auf.<\/p>\n<p>Beim n\u00e4chsten Einkauf wird also gescannt und gegebenenfalls liegengelassen. Gerade wenn Cashewkerne aus fragw\u00fcrdigen Quellen stammen, sollte man aufmerksam sein.<\/p>\n<p>Lidl hat \u00fcbrigens auf der Verpackung der Cashewkerne nicht das Herkunftsland genannt.<\/p>\n<p><strong>Also:<\/strong> Wenn unsere Regierung weiterhin mit Israel paktiert und Waffen liefert mit denen Israel seinen Vernichtungsfeldzug weiterf\u00fchren kann, dann m\u00fcssen wir selbst etwas tun. Die Schw\u00e4chung der israelischen Wirtschaft durch Boykotte ist sicherlich ein Weg, den man guten Gewissens beschreiten kann, denn es ist ein friedlicher Weg! <strong>Auch wenn es nur Cashewkerne sind!<\/strong><\/p>\n<p><a style=\"color: #ff0000;\" href=\"https:\/\/neue-gladbecker-zeitung.de\" rel=\"nofollow noopener\" target=\"_blank\">Zur Startseite<\/a><\/p>\n","protected":false},"excerpt":{"rendered":"Die App NO! Thanks r\u00e4t vom Kauf dieser Cashewkerne ab. Sie stehen auf der pal\u00e4stinensischen Boykottliste: Foto: Neue&hellip;\n","protected":false},"author":2,"featured_media":936616,"comment_status":"","ping_status":"","sticky":false,"template":"","format":"standard","meta":{"footnotes":"","_share_on_mastodon":"0"},"categories":[1848],"tags":[108053,204478,3364,29,548,663,3934,3658,30,13,411,2939,14,15,204479,1209,2548,12],"class_list":["post-936615","post","type-post","status-publish","format-standard","has-post-thumbnail","category-gelsenkirchen","tag-boykott","tag-cashewkerne","tag-de","tag-deutschland","tag-eu","tag-europa","tag-europe","tag-gelsenkirchen","tag-germany","tag-headlines","tag-israel","tag-lidl","tag-nachrichten","tag-news","tag-no-thanks-app","tag-nordrhein-westfalen","tag-palaestina","tag-schlagzeilen"],"share_on_mastodon":{"url":"https:\/\/pubeurope.com\/@de\/116383439328715943","error":""},"_links":{"self":[{"href":"https:\/\/www.europesays.com\/de\/wp-json\/wp\/v2\/posts\/936615","targetHints":{"allow":["GET"]}}],"collection":[{"href":"https:\/\/www.europesays.com\/de\/wp-json\/wp\/v2\/posts"}],"about":[{"href":"https:\/\/www.europesays.com\/de\/wp-json\/wp\/v2\/types\/post"}],"author":[{"embeddable":true,"href":"https:\/\/www.europesays.com\/de\/wp-json\/wp\/v2\/users\/2"}],"replies":[{"embeddable":true,"href":"https:\/\/www.europesays.com\/de\/wp-json\/wp\/v2\/comments?post=936615"}],"version-history":[{"count":0,"href":"https:\/\/www.europesays.com\/de\/wp-json\/wp\/v2\/posts\/936615\/revisions"}],"wp:featuredmedia":[{"embeddable":true,"href":"https:\/\/www.europesays.com\/de\/wp-json\/wp\/v2\/media\/936616"}],"wp:attachment":[{"href":"https:\/\/www.europesays.com\/de\/wp-json\/wp\/v2\/media?parent=936615"}],"wp:term":[{"taxonomy":"category","embeddable":true,"href":"https:\/\/www.europesays.com\/de\/wp-json\/wp\/v2\/categories?post=936615"},{"taxonomy":"post_tag","embeddable":true,"href":"https:\/\/www.europesays.com\/de\/wp-json\/wp\/v2\/tags?post=936615"}],"curies":[{"name":"wp","href":"https:\/\/api.w.org\/{rel}","templated":true}]}}