{"id":936670,"date":"2026-04-11T01:49:26","date_gmt":"2026-04-11T01:49:26","guid":{"rendered":"https:\/\/www.europesays.com\/de\/936670\/"},"modified":"2026-04-11T01:49:26","modified_gmt":"2026-04-11T01:49:26","slug":"unerwarteter-grab-fund-kriegstote-aus-zweiten-weltkrieg-auf-dresdner-heidefriedhof-entdeckt","status":"publish","type":"post","link":"https:\/\/www.europesays.com\/de\/936670\/","title":{"rendered":"Unerwarteter Grab-Fund: Kriegstote aus Zweiten Weltkrieg auf Dresdner Heidefriedhof entdeckt"},"content":{"rendered":"<p class=\"text\">\nBei Grabungen auf dem Dresdner Heidefriedhof sind die \u00dcberreste von 49 Kriegsopfern gefunden worden, die nicht in den Unterlagen verzeichnet waren. Das hat der Eigenbetrieb St\u00e4dtisches Friedhofs- und Bestattungswesen Dresden mitgeteilt. Zu dem Fund kam es demnach bereits im M\u00e4rz.\n<\/p>\n<p class=\"text\">\nDie in den Sammelgr\u00e4bern gefundenen Gegenst\u00e4nde und die Beschaffenheit der Knochen lie\u00dfen darauf schlie\u00dfen, dass es sich um Kriegstote des Zweiten Weltkrieges handle. Die beiden Sammelgrabfl\u00e4chen sollen jetzt w\u00fcrdevoll hergerichtet werden. Die Kriegsopfer seien bei bauvorbereitenden Arbeiten f\u00fcr eine neue Grabanlage gefunden worden.<\/p>\n","protected":false},"excerpt":{"rendered":"Bei Grabungen auf dem Dresdner Heidefriedhof sind die \u00dcberreste von 49 Kriegsopfern gefunden worden, die nicht in den&hellip;\n","protected":false},"author":2,"featured_media":936671,"comment_status":"","ping_status":"","sticky":false,"template":"","format":"standard","meta":{"footnotes":"","_share_on_mastodon":"0"},"categories":[1835],"tags":[3364,29,2386,9909,30,204485,14190,81,14,859,12219,204484],"class_list":["post-936670","post","type-post","status-publish","format-standard","has-post-thumbnail","category-dresden","tag-de","tag-deutschland","tag-dresden","tag-fund","tag-germany","tag-heidefriedhof","tag-kriegsopfer","tag-mdr","tag-nachrichten","tag-sachsen","tag-tote","tag-trachau"],"share_on_mastodon":{"url":"https:\/\/pubeurope.com\/@de\/116383564845382938","error":""},"_links":{"self":[{"href":"https:\/\/www.europesays.com\/de\/wp-json\/wp\/v2\/posts\/936670","targetHints":{"allow":["GET"]}}],"collection":[{"href":"https:\/\/www.europesays.com\/de\/wp-json\/wp\/v2\/posts"}],"about":[{"href":"https:\/\/www.europesays.com\/de\/wp-json\/wp\/v2\/types\/post"}],"author":[{"embeddable":true,"href":"https:\/\/www.europesays.com\/de\/wp-json\/wp\/v2\/users\/2"}],"replies":[{"embeddable":true,"href":"https:\/\/www.europesays.com\/de\/wp-json\/wp\/v2\/comments?post=936670"}],"version-history":[{"count":0,"href":"https:\/\/www.europesays.com\/de\/wp-json\/wp\/v2\/posts\/936670\/revisions"}],"wp:featuredmedia":[{"embeddable":true,"href":"https:\/\/www.europesays.com\/de\/wp-json\/wp\/v2\/media\/936671"}],"wp:attachment":[{"href":"https:\/\/www.europesays.com\/de\/wp-json\/wp\/v2\/media?parent=936670"}],"wp:term":[{"taxonomy":"category","embeddable":true,"href":"https:\/\/www.europesays.com\/de\/wp-json\/wp\/v2\/categories?post=936670"},{"taxonomy":"post_tag","embeddable":true,"href":"https:\/\/www.europesays.com\/de\/wp-json\/wp\/v2\/tags?post=936670"}],"curies":[{"name":"wp","href":"https:\/\/api.w.org\/{rel}","templated":true}]}}