{"id":936974,"date":"2026-04-11T04:47:22","date_gmt":"2026-04-11T04:47:22","guid":{"rendered":"https:\/\/www.europesays.com\/de\/936974\/"},"modified":"2026-04-11T04:47:22","modified_gmt":"2026-04-11T04:47:22","slug":"in-stuttgart-gegruendete-band-smudo-wollen-dass-bei-fanta-4-abschiedstour-alle-heulen","status":"publish","type":"post","link":"https:\/\/www.europesays.com\/de\/936974\/","title":{"rendered":"In Stuttgart gegr\u00fcndete Band: Smudo: Wollen, dass bei Fanta-4-Abschiedstour alle heulen"},"content":{"rendered":"<p>\t\t\t\t\t\t\t\t\t\t\t\t\t\t\t\t\t\t\t\t\t\t\t\t\t\t\t\t      \t\t            \t\t             \t\t\t\t   \t\t\t\t\t   <img decoding=\"async\" id=\"article-image\" fetchpriority=\"high\" alt=\"In Stuttgart gegr\u00fcndete Band: Smudo: Wollen, dass bei Fanta-4-Abschiedstour alle heulen\" title=\"In Stuttgart gegr\u00fcndete Band: Smudo: Wollen, dass bei Fanta-4-Abschiedstour alle heulen\" src=\"https:\/\/www.europesays.com\/de\/wp-content\/uploads\/2026\/04\/media.media.7fa395bf-ed45-4226-b3db-45339eba3333.16x9_700.jpg\" data-linkto=\"https:\/\/www.stuttgarter-nachrichten.de\/javascript:void(0);\"\/>\t\t\t\t\t\t\t\t\t\t\t\t\t\t\t\t\t\t\t\t\t\t\t\tDer Musiker Smudo auf dem roten Teppich bei den Radio Regenbogen Awards.\u00a0Foto: Philipp von Ditfurth\/dpa\t\t\t<\/p>\n<p>Nach fast 40 Jahren verabschieden sich die Fantastischen Vier mit einer gro\u00dfen letzten Tournee. Viele Monate vor Tourstart gibt Smudo einen Einblick, was das Publikum erwartet.<\/p>\n<p>Hip-Hop-Musiker <a href=\"https:\/\/www.stuttgarter-nachrichten.de\/thema\/Smudo\" title=\"Smudo\" class=\"art_thema\" rel=\"nofollow noopener\" target=\"_blank\">Smudo<\/a> (58) w\u00fcnscht sich viele Emotionen bei der gro\u00dfen Abschiedstour mit den Fantastischen Vier. \u201eWir haben auf vielen Alben irgendein Abschiedslied drauf, weil wir uns immer schon damit besch\u00e4ftigt hatten, mit dem Karriereende\u201c, sagte er vor der Verleihung der Radio Regenbogen Awards im Europa-Park in Rust. \u201eWenn wir die alle geballt spielen &#8211; wir wollen, dass alle heulen.\u201c<\/p>\n<p>Das bekannteste deutsche Hip-Hop-Quartett geht ab Dezember zum letzten Mal auf Tour &#8211; nach knapp 40 Jahren gemeinsam als Band. \u201eVielleicht machen wir auch so einen Pyro-Effekt, in dem Tr\u00e4nengas versteckt ist, dass alle heulen m\u00fcssen oder so\u201c, scherzte Smudo.\u00a0<\/p>\n<p>Es dauere zwar noch eine Weile, bis die Tour beginne. \u201eIch w\u00fcrde aber l\u00fcgen, wenn ich nicht sagen w\u00fcrde, dass mich das Thema schon beschleicht.\u201c Eines stehe aber fest: \u201eEs wird nat\u00fcrlich voll auf Nostalgie gehen.\u201c Das Motto der lautet \u201eDer letzte Bus\u201c. <\/p>\n","protected":false},"excerpt":{"rendered":"Der Musiker Smudo auf dem roten Teppich bei den Radio Regenbogen Awards.\u00a0Foto: Philipp von Ditfurth\/dpa Nach fast 40&hellip;\n","protected":false},"author":2,"featured_media":936975,"comment_status":"","ping_status":"","sticky":false,"template":"","format":"standard","meta":{"footnotes":"","_share_on_mastodon":"0"},"categories":[1830],"tags":[1634,3364,29,14018,30,80,14017,1441,2884],"class_list":["post-936974","post","type-post","status-publish","format-standard","has-post-thumbnail","category-stuttgart","tag-baden-wuerttemberg","tag-de","tag-deutschland","tag-die-fantastischen-vier","tag-germany","tag-kultur","tag-smudo","tag-stuttgart","tag-tour"],"share_on_mastodon":{"url":"https:\/\/pubeurope.com\/@de\/116384264912226638","error":""},"_links":{"self":[{"href":"https:\/\/www.europesays.com\/de\/wp-json\/wp\/v2\/posts\/936974","targetHints":{"allow":["GET"]}}],"collection":[{"href":"https:\/\/www.europesays.com\/de\/wp-json\/wp\/v2\/posts"}],"about":[{"href":"https:\/\/www.europesays.com\/de\/wp-json\/wp\/v2\/types\/post"}],"author":[{"embeddable":true,"href":"https:\/\/www.europesays.com\/de\/wp-json\/wp\/v2\/users\/2"}],"replies":[{"embeddable":true,"href":"https:\/\/www.europesays.com\/de\/wp-json\/wp\/v2\/comments?post=936974"}],"version-history":[{"count":0,"href":"https:\/\/www.europesays.com\/de\/wp-json\/wp\/v2\/posts\/936974\/revisions"}],"wp:featuredmedia":[{"embeddable":true,"href":"https:\/\/www.europesays.com\/de\/wp-json\/wp\/v2\/media\/936975"}],"wp:attachment":[{"href":"https:\/\/www.europesays.com\/de\/wp-json\/wp\/v2\/media?parent=936974"}],"wp:term":[{"taxonomy":"category","embeddable":true,"href":"https:\/\/www.europesays.com\/de\/wp-json\/wp\/v2\/categories?post=936974"},{"taxonomy":"post_tag","embeddable":true,"href":"https:\/\/www.europesays.com\/de\/wp-json\/wp\/v2\/tags?post=936974"}],"curies":[{"name":"wp","href":"https:\/\/api.w.org\/{rel}","templated":true}]}}