{"id":937092,"date":"2026-04-11T05:53:16","date_gmt":"2026-04-11T05:53:16","guid":{"rendered":"https:\/\/www.europesays.com\/de\/937092\/"},"modified":"2026-04-11T05:53:16","modified_gmt":"2026-04-11T05:53:16","slug":"polizei-stoppt-massenschlaegerei-zwischen-dresden-und-fcn-fans","status":"publish","type":"post","link":"https:\/\/www.europesays.com\/de\/937092\/","title":{"rendered":"Polizei stoppt Massenschl\u00e4gerei zwischen Dresden- und FCN-Fans"},"content":{"rendered":"<p>Mehr als 200 Beteiligte <\/p>\n<p>Polizei stoppt Massenschl\u00e4gerei zwischen Dresden- und N\u00fcrnberg-Fans<\/p>\n<p>11.04.2026 &#8211; 07:45 UhrLesedauer: 1 Min.<\/p>\n<p><a href=\"#focus-0\" class=\"transition-colors duration-200 block text-current relative\" data-sctrack=\"FocusGalleryImage.Reference\"><img fetchpriority=\"high\" data-testid=\"Opener.Image\" style=\"--lqipURL:url('https:\/\/images.t-online.de\/2025\/05\/G7ohzG56UCoC\/0x104:2911x1637\/fit-in\/150x0\/filters:blur(25)\/fussball-saison-2022-2023-2-bundesliga-fcn-nuernberg-fcm-magdeburg-fans-bier-in-den-max-morlock-stadion-in-nuernberg-bayern-deutschland-november-06-2022-photo-ipa-photo-nur-fuer-journalistische-zwecke-only-for-editorial-use-gemaess-den-vorgaben-der-dfl-deutsche-fussball-liga-ist-es-untersagt-in-dem-stadion-und-oder-vom-spiel-angefertigte-fotoaufnahmen-in-form-von-sequenzbildern-und-oder-videoaehnlichen-fotostrecken-zu-verwerten-bzw-verwerten-zu-lassen-dfl-regulations-prohibit-any-use-of-photo.jpg')\"   loading=\"eager\" src=\"https:\/\/www.europesays.com\/de\/wp-content\/uploads\/2026\/04\/fussball-saison-2022-2023-2-bundesliga-fcn-nuernberg-fcm-magdeburg-fans-bier-in-den-max-morlock-stad.jpeg\" alt=\"imago images 1018269095\" title=\"imago images 1018269095\" width=\"2911\" height=\"1637\" class=\"bg-[url:var(--lqipURL)] bg-cover bg-center flex h-full w-full max-w-full\" decoding=\"async\"\/><img style=\"--width:32;--height:32\" loading=\"lazy\" src=\"https:\/\/nuernberg.t-online.de\/s\/paper\/_next\/static\/media\/zoom-in.f7dae02f.svg\" alt=\"Vergr\u00f6\u00dfern des Bildes\" title=\"Vergr\u00f6\u00dfern des Bildes\" class=\"block h-[calc(var(--height)_\/_16_*_1rem)] w-[calc(var(--width)_\/_16_*_1rem)] max-w-none absolute bottom-8 right-8 rounded-4 bg-snow p-8\" decoding=\"async\"\/><\/a><\/p>\n<p>Fans mit FCN-Bierbechern (Symbolbild): Rivalen verabreden \u201eDrittort\u201c-Schl\u00e4gerei \u2013 Polizei greift ein. (Quelle: imago)<\/p>\n<p class=\"font-bold text-18 leading-17 user-text-lg:text-22 user-text-xl:text-24\">Mitten in der Nacht stoppen Einsatzkr\u00e4fte eine geplante Massenschl\u00e4gerei. Anh\u00e4nger des 1. FC N\u00fcrnberg hatten sich mit Fans von Dynamo Dresden verabredet.<\/p>\n<p class=\"text-18 leading-17 user-text-lg:text-22 user-text-xl:text-24\">In der Nacht zum Samstag hat die Polizei eine verabredete Schl\u00e4gerei zwischen Fu\u00dfballfans, darunter auch Anh\u00e4nger des <a class=\"transition-colors duration-200 cursor-pointer text-inherit no-underline text-salemsfur md:hover:text-magenta md:hover:border-magenta md:focus:text-magenta border-current border-b border-solid break-words\" data-tracking=\"{&quot;action&quot;:&quot;click&quot;,&quot;category&quot;:&quot;intextLink&quot;,&quot;label&quot;:&quot;https:\/\/www.t-online.de\/themen\/1-fc-nuernberg\/&quot;}\" href=\"https:\/\/www.t-online.de\/themen\/1-fc-nuernberg\/\" data-sctrack=\"BodyAnchor\" rel=\"nofollow noopener\" target=\"_blank\">1. FC N\u00fcrnberg<\/a>, verhindert. Das teilten die Staatsanwaltschaft und die Polizeidirektion Dresden mit.<\/p>\n<p class=\"text-18 leading-17 user-text-lg:text-22 user-text-xl:text-24\">Nach Polizeiangaben h\u00e4tten sich rivalisierende Gruppen der SG Dynamo Dresden und des 1. FC N\u00fcrnberg zu einer sogenannten Drittortauseinandersetzung nahe Eisfeld in Th\u00fcringen verabredet. Mehr als 200 Personen sollten daran teilnehmen.<\/p>\n<p class=\"text-18 leading-17 user-text-lg:text-22 user-text-xl:text-24\">Einsatzkr\u00e4fte aus Th\u00fcringen, Sachsen und der Bundespolizei r\u00fcckten daraufhin gemeinsam aus. In einem Gewerbegebiet bei Eisfeld trafen die Beamten auf eine beginnende Auseinandersetzung und stoppten diese.<\/p>\n<p class=\"text-18 leading-17 user-text-lg:text-22 user-text-xl:text-24\">Die Polizei kontrollierte anschlie\u00dfend 214 Beteiligte und stellte ihre Personalien fest. Die Staatsanwaltschaft Dresden leitete Ermittlungsverfahren ein. Die weitere Bearbeitung \u00fcbernimmt die Dresdner Kriminalpolizei. Insgesamt waren rund 220 Einsatzkr\u00e4fte im Einsatz.<\/p>\n","protected":false},"excerpt":{"rendered":"Mehr als 200 Beteiligte Polizei stoppt Massenschl\u00e4gerei zwischen Dresden- und N\u00fcrnberg-Fans 11.04.2026 &#8211; 07:45 UhrLesedauer: 1 Min. Fans&hellip;\n","protected":false},"author":2,"featured_media":132835,"comment_status":"","ping_status":"","sticky":false,"template":"","format":"standard","meta":{"footnotes":"","_share_on_mastodon":"0"},"categories":[1837],"tags":[783,722,17161,772,3364,29,2386,204555,3766,2540,3730,30,5996,3783,121,1997,861],"class_list":["post-937092","post","type-post","status-publish","format-standard","has-post-thumbnail","category-nuernberg","tag-1-fc-nuernberg","tag-722","tag-17161","tag-bayern","tag-de","tag-deutschland","tag-dresden","tag-drittort","tag-dynamo-dresden","tag-einsatzkraft","tag-eisfeld","tag-germany","tag-massenschlaegerei","tag-nuernberg","tag-polizei","tag-staatsanwaltschaft","tag-thueringen"],"share_on_mastodon":{"url":"https:\/\/pubeurope.com\/@de\/116384524472167350","error":""},"_links":{"self":[{"href":"https:\/\/www.europesays.com\/de\/wp-json\/wp\/v2\/posts\/937092","targetHints":{"allow":["GET"]}}],"collection":[{"href":"https:\/\/www.europesays.com\/de\/wp-json\/wp\/v2\/posts"}],"about":[{"href":"https:\/\/www.europesays.com\/de\/wp-json\/wp\/v2\/types\/post"}],"author":[{"embeddable":true,"href":"https:\/\/www.europesays.com\/de\/wp-json\/wp\/v2\/users\/2"}],"replies":[{"embeddable":true,"href":"https:\/\/www.europesays.com\/de\/wp-json\/wp\/v2\/comments?post=937092"}],"version-history":[{"count":0,"href":"https:\/\/www.europesays.com\/de\/wp-json\/wp\/v2\/posts\/937092\/revisions"}],"wp:featuredmedia":[{"embeddable":true,"href":"https:\/\/www.europesays.com\/de\/wp-json\/wp\/v2\/media\/132835"}],"wp:attachment":[{"href":"https:\/\/www.europesays.com\/de\/wp-json\/wp\/v2\/media?parent=937092"}],"wp:term":[{"taxonomy":"category","embeddable":true,"href":"https:\/\/www.europesays.com\/de\/wp-json\/wp\/v2\/categories?post=937092"},{"taxonomy":"post_tag","embeddable":true,"href":"https:\/\/www.europesays.com\/de\/wp-json\/wp\/v2\/tags?post=937092"}],"curies":[{"name":"wp","href":"https:\/\/api.w.org\/{rel}","templated":true}]}}