{"id":937372,"date":"2026-04-11T08:34:15","date_gmt":"2026-04-11T08:34:15","guid":{"rendered":"https:\/\/www.europesays.com\/de\/937372\/"},"modified":"2026-04-11T08:34:15","modified_gmt":"2026-04-11T08:34:15","slug":"200-fans-treffen-sich-zu-pruegelei","status":"publish","type":"post","link":"https:\/\/www.europesays.com\/de\/937372\/","title":{"rendered":"200 Fans treffen sich zu Pr\u00fcgelei"},"content":{"rendered":"<p>    <a href=\"https:\/\/www.idowa.de\/storage\/image\/3\/1\/8\/6\/966813_fancybox_1FSw7t_AQnRAe.webp\" data-fcms-id=\"966813\" data-fcms-treeid=\"64894\" class=\"openExtThumb-966813\" data-caption=\"&lt;p&gt;Sebastian Kahnert\/dpa&lt;\/p&gt;&lt;p&gt;Kommt es in N\u00fcrnberg wieder zu Ausschreitungen wie gegen Hertha? (Archivbild)&lt;\/p&gt;\" rel=\"nofollow noopener\" target=\"_blank\"><br \/>\n      <img decoding=\"async\" fetchpriority=\"high\" src=\"https:\/\/www.europesays.com\/de\/wp-content\/uploads\/2026\/04\/966813_s100_1FSw7t_Ek2zec.jpg\" alt=\"Kommt es in N\u00fcrnberg wieder zu Ausschreitungen wie gegen Hertha? (Archivbild)\" title=\"Kommt es in N\u00fcrnberg wieder zu Ausschreitungen wie gegen Hertha? (Archivbild)\" width=\"956\" height=\"538\"\/><br \/>\n    <\/a><\/p>\n<p class=\"copyright mb-0\">Sebastian Kahnert\/dpa<\/p>\n<p class=\"subline mb-0\">\n        Kommt es in N\u00fcrnberg wieder zu Ausschreitungen wie gegen Hertha? (Archivbild)\n       <\/p>\n<p>Von dpa<\/p>\n<p>\n        11. April 2026<\/p>\n<p>          Stand: 10:05 Uhr<\/p>\n<p>Mehr als 200 Anh\u00e4nger von Dynamo Dresden und dem 1. FC N\u00fcrnberg haben sich vor dem als Hochrisikospiel eingestuften Duell der beiden Fu\u00dfball-Zweitligisten zu einer Schl\u00e4gerei verabredet. Als die Polizei in der Nacht an einem Gewerbegebiet in der N\u00e4he von Eisfeld im S\u00fcden Th\u00fcringens eintraf, habe die Auseinandersetzung schon angefangen, hie\u00df es von den Beamten. Die rivalisierenden Lager seien getrennt worden.<\/p>\n<p>Insgesamt seien 220 Beamte aus Sachsen, Th\u00fcringen und der Bundespolizei im Einsatz gewesen. Es wurden von 214 Beteiligten Personalien aufgenommen. Die Staatsanwaltschaft Dresden leitete Ermittlungsverfahren gegen sie ein.<\/p>\n<p>Die beiden Clubs treffen heute (13.00 Uhr\/Sky) in N\u00fcrnberg aufeinander. Das 50.000 Pl\u00e4tze bietende Stadion ist mit knapp 45.000 Zuschauern ausverkauft, darunter 8.620 aus Dresden. So will man zwischen den rivalisierenden Fanbl\u00f6cken Pufferzonen haben.<\/p>\n<p>Erst am vergangenen Wochenende hatte es bei einem Spiel von Dresden gegen Hertha BSC im Rudolf-Harbig-Stadion Ausschreitungen gegeben. Anh\u00e4nger beider Teams kletterten \u00fcber Z\u00e4une. Dresdner Anh\u00e4nger rannten vermummt entlang des Spielfeldes zum Hertha-Fanblock und Pyrotechnik wurde gezielt aufeinander abgeschossen.<\/p>\n<p>\n      Dieser Artikel ist Teil eines automatisierten Angebots der Deutschen Presse-Agentur (dpa). Er wird von der idowa-Redaktion nicht bearbeitet oder gepr\u00fcft.\n    <\/p>\n","protected":false},"excerpt":{"rendered":"Sebastian Kahnert\/dpa Kommt es in N\u00fcrnberg wieder zu Ausschreitungen wie gegen Hertha? (Archivbild) Von dpa 11. April 2026&hellip;\n","protected":false},"author":2,"featured_media":937373,"comment_status":"","ping_status":"","sticky":false,"template":"","format":"standard","meta":{"footnotes":"","_share_on_mastodon":"0"},"categories":[1837],"tags":[783,772,421,3364,29,3766,3730,30,1088,4236,3783],"class_list":["post-937372","post","type-post","status-publish","format-standard","has-post-thumbnail","category-nuernberg","tag-1-fc-nuernberg","tag-bayern","tag-bundespolizei","tag-de","tag-deutschland","tag-dynamo-dresden","tag-eisfeld","tag-germany","tag-hertha-bsc","tag-krawalle","tag-nuernberg"],"share_on_mastodon":{"url":"https:\/\/pubeurope.com\/@de\/116385157603482015","error":""},"_links":{"self":[{"href":"https:\/\/www.europesays.com\/de\/wp-json\/wp\/v2\/posts\/937372","targetHints":{"allow":["GET"]}}],"collection":[{"href":"https:\/\/www.europesays.com\/de\/wp-json\/wp\/v2\/posts"}],"about":[{"href":"https:\/\/www.europesays.com\/de\/wp-json\/wp\/v2\/types\/post"}],"author":[{"embeddable":true,"href":"https:\/\/www.europesays.com\/de\/wp-json\/wp\/v2\/users\/2"}],"replies":[{"embeddable":true,"href":"https:\/\/www.europesays.com\/de\/wp-json\/wp\/v2\/comments?post=937372"}],"version-history":[{"count":0,"href":"https:\/\/www.europesays.com\/de\/wp-json\/wp\/v2\/posts\/937372\/revisions"}],"wp:featuredmedia":[{"embeddable":true,"href":"https:\/\/www.europesays.com\/de\/wp-json\/wp\/v2\/media\/937373"}],"wp:attachment":[{"href":"https:\/\/www.europesays.com\/de\/wp-json\/wp\/v2\/media?parent=937372"}],"wp:term":[{"taxonomy":"category","embeddable":true,"href":"https:\/\/www.europesays.com\/de\/wp-json\/wp\/v2\/categories?post=937372"},{"taxonomy":"post_tag","embeddable":true,"href":"https:\/\/www.europesays.com\/de\/wp-json\/wp\/v2\/tags?post=937372"}],"curies":[{"name":"wp","href":"https:\/\/api.w.org\/{rel}","templated":true}]}}