{"id":937640,"date":"2026-04-11T11:39:16","date_gmt":"2026-04-11T11:39:16","guid":{"rendered":"https:\/\/www.europesays.com\/de\/937640\/"},"modified":"2026-04-11T11:39:16","modified_gmt":"2026-04-11T11:39:16","slug":"oecd-meldet-historischen-rueckgang-globaler-entwicklungsgelder","status":"publish","type":"post","link":"https:\/\/www.europesays.com\/de\/937640\/","title":{"rendered":"OECD meldet historischen R\u00fcckgang globaler Entwicklungsgelder"},"content":{"rendered":"<p>Die von Industriel\u00e4ndern bereitgestellten Entwicklungsgelder sind im vergangenen Jahr stark zur\u00fcckgegangen. Sie sanken im Vergleich zum Vorjahr um 23,1 Prozent auf 174,3 Milliarden US-Dollar, wie die OECD am Donnerstag mitteilte.<\/p>\n<p>     <a href=\"https:\/\/www.vaticannews.va\/de\/welt\/news\/2026-03\/libanon-oesterreich-don-bosco-bitte-nothilfe-fluechtlinge.html\" title=\"Libanon: Don Bosco bittet um Nothilfe f\u00fcr Fl\u00fcchtlinge\" rel=\"nofollow noopener\" target=\"_blank\"><\/p>\n<p>        <img decoding=\"async\" src=\"data:image\/gif;base64,R0lGODlhAQABAIAAAAAAAP\/\/\/yH5BAEAAAAALAAAAAABAAEAAAIBRAA7\" data-original=\"https:\/\/www.vaticannews.va\/content\/dam\/vaticannews\/agenzie\/images\/reuters\/2026\/03\/06\/23\/1772835364936.JPG\/_jcr_content\/renditions\/cq5dam.thumbnail.cropped.500.281.jpeg\" alt=\"Libanon: Don Bosco bittet um Nothilfe f\u00fcr Fl\u00fcchtlinge\"\/><\/p>\n<p>      <\/a><\/p>\n<p>\n       Angesichts der eskalierenden Kampfhandlungen im Libanon und einer dramatisch wachsenden Zahl von Binnenfl\u00fcchtlingen hat das Hilfswerk \u201eDon Bosco Mission Austria\u201c einen dringenden &#8230;\n     <\/p>\n<p>Damit l\u00e4gen die Gelder wieder auf dem Niveau von vor knapp zehn Jahren. Deutschland avancierte trotz erheblicher K\u00fcrzungen mit 29,1 Milliarden US-Dollar zum gr\u00f6\u00dften Geberland, gefolgt von den USA, Gro\u00dfbritannien und Japan, so die<b> <\/b>Organisation f\u00fcr wirtschaftliche Zusammenarbeit und Entwicklung (OECD). Das Aufr\u00fccken an die Spitze ist vor allem auf den massiven R\u00fcckzug der USA zur\u00fcckzuf\u00fchren, deren Leistungen um 56,9 Prozent einbrachen.<\/p>\n<p>Nur vier L\u00e4nder weltweit erreichten im vergangenen Jahr laut OECD-Angaben das von den Vereinten Nationen gesetzte Ziel, mindestens 0,7 Prozent der Wirtschaftsleistung f\u00fcr Auslandshilfe einzusetzen. In Deutschland fiel die Quote von 0,68 auf 0,56 Prozent, weltweit auf durchschnittlich 0,26 Prozent.<\/p>\n<p>Kritik an K\u00fcrzungen <\/p>\n<p>Kritik an der Entwicklung \u00e4u\u00dferten Hilfswerke. Kirchliche Werke wie \u201eBrot f\u00fcr die Welt&#8220;, Misereor, Caritas International und Diakonie Katastrophenhilfe warnten von einer \u201egef\u00e4hrlichen Abw\u00e4rtsspirale&#8220;. \u00a0OECD-Generalsekret\u00e4r Mathias Cormann appellierte an die Geberl\u00e4nder, angesichts wachsender Krisen die Wirkung der Mittel zu maximieren.<\/p>\n<p>(domradio.de \u2013 cf)<\/p>\n","protected":false},"excerpt":{"rendered":"Die von Industriel\u00e4ndern bereitgestellten Entwicklungsgelder sind im vergangenen Jahr stark zur\u00fcckgegangen. Sie sanken im Vergleich zum Vorjahr um&hellip;\n","protected":false},"author":2,"featured_media":937641,"comment_status":"","ping_status":"","sticky":false,"template":"","format":"standard","meta":{"footnotes":"","_share_on_mastodon":"0"},"categories":[3977],"tags":[331,332,29,2136,1724,13,10518,14,15,12,4017,4018,4016,64,4019,4020],"class_list":["post-937640","post","type-post","status-publish","format-standard","has-post-thumbnail","category-usa","tag-aktuelle-nachrichten","tag-aktuelle-news","tag-deutschland","tag-entwicklung","tag-gesellschaft","tag-headlines","tag-hilfswerke","tag-nachrichten","tag-news","tag-schlagzeilen","tag-united-states","tag-united-states-of-america","tag-us","tag-usa","tag-vereinigte-staaten","tag-vereinigte-staaten-von-amerika"],"share_on_mastodon":{"url":"https:\/\/pubeurope.com\/@de\/116385886434808037","error":""},"_links":{"self":[{"href":"https:\/\/www.europesays.com\/de\/wp-json\/wp\/v2\/posts\/937640","targetHints":{"allow":["GET"]}}],"collection":[{"href":"https:\/\/www.europesays.com\/de\/wp-json\/wp\/v2\/posts"}],"about":[{"href":"https:\/\/www.europesays.com\/de\/wp-json\/wp\/v2\/types\/post"}],"author":[{"embeddable":true,"href":"https:\/\/www.europesays.com\/de\/wp-json\/wp\/v2\/users\/2"}],"replies":[{"embeddable":true,"href":"https:\/\/www.europesays.com\/de\/wp-json\/wp\/v2\/comments?post=937640"}],"version-history":[{"count":0,"href":"https:\/\/www.europesays.com\/de\/wp-json\/wp\/v2\/posts\/937640\/revisions"}],"wp:featuredmedia":[{"embeddable":true,"href":"https:\/\/www.europesays.com\/de\/wp-json\/wp\/v2\/media\/937641"}],"wp:attachment":[{"href":"https:\/\/www.europesays.com\/de\/wp-json\/wp\/v2\/media?parent=937640"}],"wp:term":[{"taxonomy":"category","embeddable":true,"href":"https:\/\/www.europesays.com\/de\/wp-json\/wp\/v2\/categories?post=937640"},{"taxonomy":"post_tag","embeddable":true,"href":"https:\/\/www.europesays.com\/de\/wp-json\/wp\/v2\/tags?post=937640"}],"curies":[{"name":"wp","href":"https:\/\/api.w.org\/{rel}","templated":true}]}}