{"id":937768,"date":"2026-04-11T12:51:19","date_gmt":"2026-04-11T12:51:19","guid":{"rendered":"https:\/\/www.europesays.com\/de\/937768\/"},"modified":"2026-04-11T12:51:19","modified_gmt":"2026-04-11T12:51:19","slug":"karlsruhe-42-jaehriger-tot-aufgefunden-polizei-geht-von-verbrechen-aus","status":"publish","type":"post","link":"https:\/\/www.europesays.com\/de\/937768\/","title":{"rendered":"Karlsruhe: 42-J\u00e4hriger tot aufgefunden \u2013 Polizei geht von Verbrechen aus"},"content":{"rendered":"<p>\t\t\t\t\t\t\t\t\t\t\t\t\t\t\t\t\t\t\t\t\t\t\t\t\t\t\t\t      \t\t            \t\t             \t\t\t\t   \t\t\t\t\t   <img decoding=\"async\" id=\"article-image\" fetchpriority=\"high\" alt=\"Karlsruhe: 42-J\u00e4hriger tot aufgefunden \u2013 Polizei geht von Verbrechen aus\" title=\"Karlsruhe: 42-J\u00e4hriger tot aufgefunden \u2013 Polizei geht von Verbrechen aus\" src=\"https:\/\/www.europesays.com\/de\/wp-content\/uploads\/2026\/04\/media.media.a22b7e24-8dc8-4cd7-a976-cf33b8747bed.16x9_700.jpg\" data-linkto=\"https:\/\/www.stuttgarter-nachrichten.de\/javascript:void(0);\"\/>\t\t\t\t\t\t\t\t\t\t\t\t\t\t\t\t\t\t\t\t\t\t\t\tDie Polizei geht von einer Straftat aus. (Symbolbild)\u00a0Foto: Daniel Karmann\/dpa\t\t\t<\/p>\n<p>Unweit des Karlsruher Hauptbahnhofes wird am Freitag ein toter Mann gefunden. Die Polizei geht derzeit davon aus, dass der Mann get\u00f6tet wurde. Viele Fragen sind noch offen.<\/p>\n<p>Nach dem Fund einer Leiche in einem leerstehenden Geb\u00e4ude nahe dem Karlsruher Hauptbahnhof geht die <a href=\"https:\/\/www.stuttgarter-nachrichten.de\/thema\/Polizei\" title=\"Polizei\" class=\"art_thema\" rel=\"nofollow noopener\" target=\"_blank\">Polizei<\/a> davon aus, dass der Mann get\u00f6tet worden ist. Erste Ermittlungen h\u00e4tten Hinweise auf eine m\u00f6gliche Straftat ergeben, teilten Polizei und Staatsanwaltschaft mit. Die Kriminalpolizei habe eine 28-k\u00f6pfige Sonderkommission eingerichtet.\u00a0<\/p>\n<p>Hinweise darauf, wie der Mann ums Leben gekommen ist, erhofft sich die Polizei von einer Obduktion. Diese sei f\u00fcr Montag angesetzt und solle weitere Informationen zur Todesursache des Mannes ergeben, hie\u00df es.<\/p>\n<p> Leichnam eines 42-J\u00e4hrigen gefunden \u2013 Polizei geht von Straftat aus <\/p>\n<p>Gekl\u00e4rt ist inzwischen offenbar die Identit\u00e4t des Toten. Nach Angaben der Polizei handelt es sich um einen 42 Jahre alten Mann. Weitere Details wurden nicht mitgeteilt. Am Freitag hatte es gehei\u00dfen, dass es sich bei dem Mann dem ersten Augenschein nach um einen Obdachlosen gehandelt habe.\u00a0<\/p>\n<p>Ein Zeuge hatte den Toten am Freitag gegen 8.30 Uhr in dem leerstehenden Geb\u00e4ude entdeckt und die Polizei alarmiert. <\/p>\n","protected":false},"excerpt":{"rendered":"Die Polizei geht von einer Straftat aus. (Symbolbild)\u00a0Foto: Daniel Karmann\/dpa Unweit des Karlsruher Hauptbahnhofes wird am Freitag ein&hellip;\n","protected":false},"author":2,"featured_media":935162,"comment_status":"","ping_status":"","sticky":false,"template":"","format":"standard","meta":{"footnotes":"","_share_on_mastodon":"0"},"categories":[1844],"tags":[1634,3364,29,30,8903,12250,12831,121,1995],"class_list":["post-937768","post","type-post","status-publish","format-standard","has-post-thumbnail","category-karlsruhe","tag-baden-wuerttemberg","tag-de","tag-deutschland","tag-germany","tag-karlsruhe","tag-leichenfund","tag-obdachloser","tag-polizei","tag-verbrechen"],"share_on_mastodon":{"url":"https:\/\/pubeurope.com\/@de\/116386168272600513","error":""},"_links":{"self":[{"href":"https:\/\/www.europesays.com\/de\/wp-json\/wp\/v2\/posts\/937768","targetHints":{"allow":["GET"]}}],"collection":[{"href":"https:\/\/www.europesays.com\/de\/wp-json\/wp\/v2\/posts"}],"about":[{"href":"https:\/\/www.europesays.com\/de\/wp-json\/wp\/v2\/types\/post"}],"author":[{"embeddable":true,"href":"https:\/\/www.europesays.com\/de\/wp-json\/wp\/v2\/users\/2"}],"replies":[{"embeddable":true,"href":"https:\/\/www.europesays.com\/de\/wp-json\/wp\/v2\/comments?post=937768"}],"version-history":[{"count":0,"href":"https:\/\/www.europesays.com\/de\/wp-json\/wp\/v2\/posts\/937768\/revisions"}],"wp:featuredmedia":[{"embeddable":true,"href":"https:\/\/www.europesays.com\/de\/wp-json\/wp\/v2\/media\/935162"}],"wp:attachment":[{"href":"https:\/\/www.europesays.com\/de\/wp-json\/wp\/v2\/media?parent=937768"}],"wp:term":[{"taxonomy":"category","embeddable":true,"href":"https:\/\/www.europesays.com\/de\/wp-json\/wp\/v2\/categories?post=937768"},{"taxonomy":"post_tag","embeddable":true,"href":"https:\/\/www.europesays.com\/de\/wp-json\/wp\/v2\/tags?post=937768"}],"curies":[{"name":"wp","href":"https:\/\/api.w.org\/{rel}","templated":true}]}}