{"id":937959,"date":"2026-04-11T14:36:14","date_gmt":"2026-04-11T14:36:14","guid":{"rendered":"https:\/\/www.europesays.com\/de\/937959\/"},"modified":"2026-04-11T14:36:14","modified_gmt":"2026-04-11T14:36:14","slug":"2-fussball-bundesliga-extrem-sauer-nuernberger-frust-nach-heimniederlage-bayern","status":"publish","type":"post","link":"https:\/\/www.europesays.com\/de\/937959\/","title":{"rendered":"2. Fu\u00dfball-Bundesliga &#8211; \u201eExtrem sauer\u201c: N\u00fcrnberger Frust nach Heimniederlage &#8211; Bayern"},"content":{"rendered":"<p data-manual=\"paragraph\" data-schema-org-speakable=\"true\" class=\"css-1eosz7k\">N\u00fcrnberg (dpa) &#8211; Henri Koudossou fasste sich nach seinem Fauxpas entsetzt an den Kopf. Sein Eigentor leitete das unerwartete 0:2 (0:0) des <a href=\"https:\/\/www.sueddeutsche.de\/thema\/1._FC_N%C3%BCrnberg\" rel=\"nofollow noopener\" target=\"_blank\">1. FC N\u00fcrnberg<\/a> gegen <a href=\"https:\/\/www.sueddeutsche.de\/thema\/Dynamo_Dresden\" rel=\"nofollow noopener\" target=\"_blank\">Dynamo Dresden<\/a> in der 2. <a href=\"https:\/\/www.sueddeutsche.de\/thema\/Fu%C3%9Fball\" rel=\"nofollow noopener\" target=\"_blank\">Fu\u00dfball<\/a>-Bundesliga ein. \u201eIch bin extrem sauer auf mich. Es tut mir leid f\u00fcr die Mannschaft\u201c, sagte der Au\u00dfenverteidiger.\u00a0<\/p>\n<p data-manual=\"paragraph\" data-schema-org-speakable=\"true\" class=\"css-1eosz7k\">Die effektiven G\u00e4ste legten nach dem F\u00fchrungstor in der 55. Minute noch einen Kontertreffer von Ben Bobzien (83.) nach und jubelten \u00fcber drei wertvolle Punkte im Kampf gegen den Abstieg.\u00a0<\/p>\n<p>Klose: Von uns war es viel zu tr\u00e4ge<\/p>\n<p data-manual=\"paragraph\" data-schema-org-speakable=\"true\" class=\"css-1eosz7k\">Das Hochrisikospiel im mit 45.000 Zuschauern ausverkauften Max-Morlock-Stadion verlief eine Woche nach den Krawallen beim Dynamo-Heimspiel gegen Hertha BSC (0:1) auf den R\u00e4ngen ohne Zwischenf\u00e4lle. Die mehr als 8.000 mitgereisten Dynamo-Anh\u00e4nger feierten ihr Team lautstark. Dresden hat nun 32 Punkte, der offensiv erfolglos anrennende \u201eClub\u201c verharrt bei 37 Z\u00e4hlern.\u00a0<\/p>\n<p><img decoding=\"async\" src=\"https:\/\/www.europesays.com\/de\/wp-content\/uploads\/2026\/04\/cb61313f-f75a-47dc-b0c1-93df101575a7.jpg\"   alt=\"Viele Zweik\u00e4mpfe pr\u00e4gten das Spiel, hier zwischen N\u00fcrnnbergs Rabby Nzingoula (l) und Luca Herrmann.\" loading=\"lazy\" class=\"css-8atqhb\"\/>Viele Zweik\u00e4mpfe pr\u00e4gten das Spiel, hier zwischen N\u00fcrnnbergs Rabby Nzingoula (l) und Luca Herrmann. Daniel Karmann\/dpa<\/p>\n<p data-manual=\"paragraph\" data-schema-org-speakable=\"true\" class=\"css-1eosz7k\">Beide Teams kreierten einige gute Offensivaktionen. Die vorentscheidende war das 0:1. Dynamo-St\u00fcrmer Vincent Vermeij brachte den Ball scharf vors Tor. Koudossou wollte kl\u00e4ren &#8211; traf aber ins eigene Tor. \u201eDer Ball kommt bl\u00f6d. Ich kann ihn aber mit dem linken Fu\u00df kl\u00e4ren\u201c, sagte Koudossou.\u00a0<\/p>\n<p data-manual=\"paragraph\" data-schema-org-speakable=\"true\" class=\"css-1eosz7k\">Gegen die weit aufger\u00fcckte N\u00fcrnberger Abwehr st\u00fcrmte Bobzien sp\u00e4ter energisch zum 0:2. \u201eEs war ein verdienter Sieg f\u00fcr Dresden. Von uns war es viel zu tr\u00e4ge. Der Kopf war das Entscheidende. Wir haben falsche Entscheidungen getroffen\u201c, sagte FCN-Trainer Miroslav Klose.<\/p>\n<p>N\u00fcrnbergs Zoma f\u00e4llt &#8211; kein Rot\u00a0<\/p>\n<p data-manual=\"paragraph\" data-schema-org-speakable=\"true\" class=\"css-1eosz7k\">Dresdens Abwehrspieler Friedrich M\u00fcller k\u00f6pfte in der ersten H\u00e4lfte den Ball vor der Pause nach einer kurz ausgef\u00fchrten Ecke an den Pfosten (18.). FCN-Spielmacher Julian Justvan vergab volley eine Gro\u00dfchance (23.). \u201eWir haben es nicht geschafft, effektiv zu sein\u201c, sagte Justvan.\u00a0<\/p>\n<p data-manual=\"paragraph\" data-schema-org-speakable=\"true\" class=\"css-1eosz7k\">Die Aufreger-Szene der ersten H\u00e4lfte war aber ein Zweikampf zwischen N\u00fcrnbergs Mohamed Zoma und Dresdens Verteidiger Julian Pauli in der 35. Minute. Der schnelle Zoma war am letzten Mann schon vorbei, wurde gehalten und fiel. Doch Schiedsrichter Felix Bickel winkte sofort ab &#8211; kein Rot. Wom\u00f6glich h\u00e4tte sich die Partie bei einer N\u00fcrnberger \u00dcberzahl ganz anders entwickelt.<\/p>\n<p data-manual=\"paragraph\" data-schema-org-speakable=\"true\" class=\"css-1eosz7k\">\u201eDas sind 50:50-Entscheidungen\u201c, kommentierte Klose. \u201eNat\u00fcrlich kann man das auch anders pfeifen.\u201c Aber der N\u00fcrnberger Coach erg\u00e4nzte: \u201eAuch mit einem Mann mehr w\u00e4re es richtig schwer geworden, so wie wir heute gespielt haben.\u201c<\/p>\n<p data-manual=\"paragraph\" data-schema-org-speakable=\"true\" class=\"css-1eosz7k\">\u00a9 dpa-infocom, dpa:260411-930-931901\/1<\/p>\n","protected":false},"excerpt":{"rendered":"N\u00fcrnberg (dpa) &#8211; Henri Koudossou fasste sich nach seinem Fauxpas entsetzt an den Kopf. Sein Eigentor leitete das&hellip;\n","protected":false},"author":2,"featured_media":937960,"comment_status":"","ping_status":"","sticky":false,"template":"","format":"standard","meta":{"footnotes":"","_share_on_mastodon":"0"},"categories":[1837],"tags":[783,621,772,3364,29,3766,347,30,13087,3783,859,149],"class_list":["post-937959","post","type-post","status-publish","format-standard","has-post-thumbnail","category-nuernberg","tag-1-fc-nuernberg","tag-2-bundesliga","tag-bayern","tag-de","tag-deutschland","tag-dynamo-dresden","tag-fussball","tag-germany","tag-max-morlock-stadion","tag-nuernberg","tag-sachsen","tag-sueddeutsche-zeitung"],"share_on_mastodon":{"url":"https:\/\/pubeurope.com\/@de\/116386580955393069","error":""},"_links":{"self":[{"href":"https:\/\/www.europesays.com\/de\/wp-json\/wp\/v2\/posts\/937959","targetHints":{"allow":["GET"]}}],"collection":[{"href":"https:\/\/www.europesays.com\/de\/wp-json\/wp\/v2\/posts"}],"about":[{"href":"https:\/\/www.europesays.com\/de\/wp-json\/wp\/v2\/types\/post"}],"author":[{"embeddable":true,"href":"https:\/\/www.europesays.com\/de\/wp-json\/wp\/v2\/users\/2"}],"replies":[{"embeddable":true,"href":"https:\/\/www.europesays.com\/de\/wp-json\/wp\/v2\/comments?post=937959"}],"version-history":[{"count":0,"href":"https:\/\/www.europesays.com\/de\/wp-json\/wp\/v2\/posts\/937959\/revisions"}],"wp:featuredmedia":[{"embeddable":true,"href":"https:\/\/www.europesays.com\/de\/wp-json\/wp\/v2\/media\/937960"}],"wp:attachment":[{"href":"https:\/\/www.europesays.com\/de\/wp-json\/wp\/v2\/media?parent=937959"}],"wp:term":[{"taxonomy":"category","embeddable":true,"href":"https:\/\/www.europesays.com\/de\/wp-json\/wp\/v2\/categories?post=937959"},{"taxonomy":"post_tag","embeddable":true,"href":"https:\/\/www.europesays.com\/de\/wp-json\/wp\/v2\/tags?post=937959"}],"curies":[{"name":"wp","href":"https:\/\/api.w.org\/{rel}","templated":true}]}}